{"id":583,"date":"2017-07-26T19:28:00","date_gmt":"2017-07-26T17:28:00","guid":{"rendered":"https:\/\/theworldwidejournal.com\/2017\/07\/26\/news-mvp-3-terrorverdachtige-islamisten-gefasst\/"},"modified":"2017-07-26T19:28:00","modified_gmt":"2017-07-26T17:28:00","slug":"news-mvp-3-terrorverdachtige-islamisten-gefasst","status":"publish","type":"post","link":"https:\/\/theworldwidejournal.com\/?p=583","title":{"rendered":"news, MVP: 3 terrorverd\u00e4chtige Islamisten gefasst"},"content":{"rendered":"<p>MVP: 3 terrorverd\u00e4chtige Islamisten gefasst G\u00fcstrow (Mecklenburg-Vorpommern) \u2013 Polizei und Spezialkr\u00e4fte haben in G\u00fcstrow und umliegenden D\u00f6rfern drei mutma\u00dfliche Islamisten in Gewahrsam genommen.Die Bundesanwaltschaft ermittelt wegen des Verdachts der Vorbereitung einer schweren staatsgef\u00e4hrdenden Gewalttat.Die drei M\u00e4nner wurden zun\u00e4chst nur auf Grundlage des Gefahrenabwehrrechts von der Polizei in Gewahrsam genommen. Nach Informationen der \u201eSchweriner Volkszeitung\u201csuchten die Einsatzkr\u00e4fte unter anderem nach Sprengstoff.\u00a0Nach Informationen des (SWR) wurden sie seit Tagen beobachtet, weil sie einen Anschlag geplant haben k\u00f6nnten. Nachdem die Ermittler \u201eungew\u00f6hnliche Aktivit\u00e4ten\u201c festgestellt h\u00e4tten, entschieden sie sich demnach f\u00fcr den Einsatz. Nach SWR-Informationen bestand die Sorge, die Kontrolle \u00fcber die Gruppe zu&hellip;<br \/>\nVia: <a href=\"http:\/\/www.bild.de\/bildlive\/2017\/19-islamisten-guestrow-52671504.bild.html\" target=\"_blank\">news, MVP: 3 terrorverd\u00e4chtige Islamisten gefasst<\/a><\/p>\n","protected":false},"excerpt":{"rendered":"<p>MVP: 3 terrorverd\u00e4chtige Islamisten gefasst G\u00fcstrow (Mecklenburg-Vorpommern) \u2013 Polizei und Spezialkr\u00e4fte haben in G\u00fcstrow und umliegenden D\u00f6rfern drei mutma\u00dfliche Islamisten in Gewahrsam genommen.Die Bundesanwaltschaft ermittelt wegen des Verdachts der Vorbereitung einer schweren staatsgef\u00e4hrdenden Gewalttat.Die drei M\u00e4nner wurden zun\u00e4chst nur auf Grundlage des Gefahrenabwehrrechts von der Polizei in Gewahrsam genommen. Nach [&hellip;]<\/p>\n","protected":false},"author":2,"featured_media":584,"comment_status":"open","ping_status":"open","sticky":false,"template":"","format":"standard","meta":{"footnotes":""},"categories":[5],"tags":[],"class_list":["post-583","post","type-post","status-publish","format-standard","has-post-thumbnail","hentry","category-german"],"_links":{"self":[{"href":"https:\/\/theworldwidejournal.com\/index.php?rest_route=\/wp\/v2\/posts\/583","targetHints":{"allow":["GET"]}}],"collection":[{"href":"https:\/\/theworldwidejournal.com\/index.php?rest_route=\/wp\/v2\/posts"}],"about":[{"href":"https:\/\/theworldwidejournal.com\/index.php?rest_route=\/wp\/v2\/types\/post"}],"author":[{"embeddable":true,"href":"https:\/\/theworldwidejournal.com\/index.php?rest_route=\/wp\/v2\/users\/2"}],"replies":[{"embeddable":true,"href":"https:\/\/theworldwidejournal.com\/index.php?rest_route=%2Fwp%2Fv2%2Fcomments&post=583"}],"version-history":[{"count":0,"href":"https:\/\/theworldwidejournal.com\/index.php?rest_route=\/wp\/v2\/posts\/583\/revisions"}],"wp:featuredmedia":[{"embeddable":true,"href":"https:\/\/theworldwidejournal.com\/index.php?rest_route=\/wp\/v2\/media\/584"}],"wp:attachment":[{"href":"https:\/\/theworldwidejournal.com\/index.php?rest_route=%2Fwp%2Fv2%2Fmedia&parent=583"}],"wp:term":[{"taxonomy":"category","embeddable":true,"href":"https:\/\/theworldwidejournal.com\/index.php?rest_route=%2Fwp%2Fv2%2Fcategories&post=583"},{"taxonomy":"post_tag","embeddable":true,"href":"https:\/\/theworldwidejournal.com\/index.php?rest_route=%2Fwp%2Fv2%2Ftags&post=583"}],"curies":[{"name":"wp","href":"https:\/\/api.w.org\/{rel}","templated":true}]}}