{"id":69624,"date":"1970-01-01T01:00:00","date_gmt":"1970-01-01T00:00:00","guid":{"rendered":"https:\/\/theworldwidejournal.com\/1970\/01\/01\/sanchez-y-turull-inician-una-huelga-de-hambre-contra-el-bloqueo-para-llegar-a-la-justicia-europea\/"},"modified":"1970-01-01T01:00:00","modified_gmt":"1970-01-01T00:00:00","slug":"sanchez-y-turull-inician-una-huelga-de-hambre-contra-el-bloqueo-para-llegar-a-la-justicia-europea","status":"publish","type":"post","link":"https:\/\/theworldwidejournal.com\/?p=69624","title":{"rendered":"S\u00e0nchez y Turull inician una huelga de hambre contra el \u00abbloqueo\u00bb para llegar a la justicia europea"},"content":{"rendered":"<p>Los l\u00edderes independentistas presos Jordi Turull y Jordi S\u00e0nchez han comenzado este s\u00e1bado una huelga de hambre en el centro penitenciario de Lledoners, donde est\u00e1n en prisi\u00f3n provisional por su responsabilidad sobre el refer\u00e9ndum del 1-O. Protestan ante \u00abel bloqueo\u00bb que, en su opini\u00f3n, les impone el Tribunal Constitucional (TC) para poder llevar su caso ante la justicia europea. As\u00ed lo ha explicado el abogado de los dos presos, Jordi Pina, en una rueda de prensa este s\u00e1bado. Seg\u00fan fuentes penitenciarias, los dos internos se han dirigido esta ma\u00f1ana a la direcci\u00f3n del centro penitenciario para comunicarles \u00abel inicio de una huelga de hambre, sin duraci\u00f3n determinada\u00bb. El reglamento de prisiones establece que los internos que quieran hacer huelga de hambre lo han de comunicar de forma individual al centro penitenciario a trav\u00e9s de una instancia. En este formulario ha de constar si se trata de una huelga de hambre y de sed, o solo de hambre. Este es el caso de los dos l\u00edderes independentistas. Los m\u00e9dicos de la c\u00e1rcel de Lledoners controlar\u00e1n su estado de salud y se les har\u00e1 un seguimiento de su salud tom\u00e1ndoles la tensi\u00f3n, el peso y anal\u00edticas de sangre, entre otras medidas. Este es el protocolo que siempre se sigue en estos casos. Estos controles se har\u00e1n inicialmente cada dos d\u00edas pero se adaptar\u00e1n luego a la evoluci\u00f3n de los internos. Si su estado de salud requiriera de un ingreso hospitalario, los Servicios Penitenciarios los trasladar\u00edan a la Unidad Hospitalaria Penitenciaria de Terrassa (Barcelona), seg\u00fan las mismas fuentes. Como medida extrema, un juez podria autorizar su alimentaci\u00f3n forzosa, a trav\u00e9s de suero, por indicaci\u00f3n facultativa. M\u00e1s all\u00e1 de estos protocolos burocr\u00e1ticos y m\u00e9dicos, Turull y S\u00e0nchez continuar\u00e1n sujetos al r\u00e9gimen de vida normal del centro penitenciario. Mantendr\u00e1n, por tanto, sus horarios y actividades, igual que su obligaci\u00f3n de acudir al comedor. Foto pol\u00e9mica Con el anuncio de esta medida de presi\u00f3n de Turull y Rull, \u00d2mnium Cultural ha filtrado entre la prensa catalana e independentista una fotograf\u00eda de todos los pol\u00edticos presos que cumplen prisi\u00f3n provisional en Lledoners. Su intenci\u00f3n es mostrar unidad de los presos pese a que, de momento, \u00fanicamente son dos los que har\u00e1n huelga de hambre. Esta imagen fue captada por la c\u00e1mara del taller de fotograf\u00eda del centro penitenciario. La difusi\u00f3n de esta fotograf\u00eda no estaba autorizada por los Servicios Penitenciarios de la Generalitat.<br \/>\nVia: <a href=\"https:\/\/www.abc.es\/espana\/catalunya\/abci-jordi-sanchez-y-jordi-turull-sopesan-hacer-huelga-hambre-para-protestar-contra-201812011006_noticia.html\" target=\"_blank\">S\u00e0nchez y Turull inician una huelga de hambre contra el \u00abbloqueo\u00bb para llegar a la justicia europea<\/a><\/p>\n","protected":false},"excerpt":{"rendered":"<p>Los l\u00edderes independentistas presos Jordi Turull y Jordi S\u00e0nchez han comenzado este s\u00e1bado una huelga de hambre en el centro penitenciario de Lledoners, donde est\u00e1n en prisi\u00f3n provisional por su responsabilidad sobre el refer\u00e9ndum del 1-O. Protestan ante \u00abel bloqueo\u00bb que, en su opini\u00f3n, les impone el Tribunal Constitucional (TC) [&hellip;]<\/p>\n","protected":false},"author":2,"featured_media":69625,"comment_status":"open","ping_status":"closed","sticky":false,"template":"","format":"standard","meta":{"footnotes":""},"categories":[6],"tags":[],"class_list":["post-69624","post","type-post","status-publish","format-standard","has-post-thumbnail","hentry","category-spanish"],"_links":{"self":[{"href":"https:\/\/theworldwidejournal.com\/index.php?rest_route=\/wp\/v2\/posts\/69624","targetHints":{"allow":["GET"]}}],"collection":[{"href":"https:\/\/theworldwidejournal.com\/index.php?rest_route=\/wp\/v2\/posts"}],"about":[{"href":"https:\/\/theworldwidejournal.com\/index.php?rest_route=\/wp\/v2\/types\/post"}],"author":[{"embeddable":true,"href":"https:\/\/theworldwidejournal.com\/index.php?rest_route=\/wp\/v2\/users\/2"}],"replies":[{"embeddable":true,"href":"https:\/\/theworldwidejournal.com\/index.php?rest_route=%2Fwp%2Fv2%2Fcomments&post=69624"}],"version-history":[{"count":0,"href":"https:\/\/theworldwidejournal.com\/index.php?rest_route=\/wp\/v2\/posts\/69624\/revisions"}],"wp:featuredmedia":[{"embeddable":true,"href":"https:\/\/theworldwidejournal.com\/index.php?rest_route=\/wp\/v2\/media\/69625"}],"wp:attachment":[{"href":"https:\/\/theworldwidejournal.com\/index.php?rest_route=%2Fwp%2Fv2%2Fmedia&parent=69624"}],"wp:term":[{"taxonomy":"category","embeddable":true,"href":"https:\/\/theworldwidejournal.com\/index.php?rest_route=%2Fwp%2Fv2%2Fcategories&post=69624"},{"taxonomy":"post_tag","embeddable":true,"href":"https:\/\/theworldwidejournal.com\/index.php?rest_route=%2Fwp%2Fv2%2Ftags&post=69624"}],"curies":[{"name":"wp","href":"https:\/\/api.w.org\/{rel}","templated":true}]}}