{"id":69628,"date":"1970-01-01T01:00:00","date_gmt":"1970-01-01T00:00:00","guid":{"rendered":"https:\/\/theworldwidejournal.com\/1970\/01\/01\/el-arco-del-triunfo-epicentro-de-las-batallas-campales-que-protagonizan-los-chalecos-amarillos-en-francia\/"},"modified":"1970-01-01T01:00:00","modified_gmt":"1970-01-01T00:00:00","slug":"el-arco-del-triunfo-epicentro-de-las-batallas-campales-que-protagonizan-los-chalecos-amarillos-en-francia","status":"publish","type":"post","link":"https:\/\/theworldwidejournal.com\/?p=69628","title":{"rendered":"El Arco del Triunfo, epicentro de las batallas campales que protagonizan los \u00abchalecos amarillos\u00bb en Francia"},"content":{"rendered":"<p>Centenares de j\u00f3venes vistiendo chalecos amarillos se enfrentan a centenares de CRS (Compa\u00f1\u00edas republicanas de seguridad, anti disturbios) al pie del parisino Arco del Triunfo, la plaza m\u00e1s emblem\u00e1tica de la historia de Francia, desde primeras horas de la ma\u00f1ana de este s\u00e1bado, dando una primera imagen muy negra a la tercera jornada de protesta contra la subida de los carburantes y la ca\u00edda del poder adquisitivo. Los chalecos radicales \u00abatacan\u00bb a pedradas, los CRS responden con gases lacrim\u00f3genos y ca\u00f1ones de agua, dando a la plaza de la Estrella un \u00abambiente\u00bb de batalla campal. Seg\u00fan las autoridades, son 1.500 los alborotadores que perturban los acceso a la avenida y a primera hora de la tarde ya hay un centenar de arrestados. Las escenas de violencia y destrozos se repiten desde primera hora de la ma\u00f1ana, cuando medio millar de manifestantes -algunos encapuchados- comenzaron a levantar barricadas y a forzar los accesos a la avenida. Los alborotadores forzaron las barreras que rodeaban el monumento de Arco del Triunfo y escribieron con pintura en \u00e9l: \u00abLos &#8216;chalecos amarillos&#8217; triunfar\u00e1n\u00bb. Un grupo de manifestantes rode\u00f3 entonces la tumba del soldado desconocido, que representa a todos los soldados fallecidos durante el transcurso de la Primera Guerra Mundial, con la intenci\u00f3n de protegerla de los violentos. Minor\u00eda radical No est\u00e1 clara la filiaci\u00f3n pol\u00edtica los chalecos amarillos del Arco del Triunfo. Est\u00e1 pasablemente claro que se trata de una minor\u00eda activista radical, muy alejada, en principio, de la inmensa mayor\u00eda de los millares o decenas de millares de chalecos amarillos que han comenzando a cortar o bloquear carreteras y autopistas en muchos puntos de Francia. El ministerio del Interior anunci\u00f3 la noche del viernes la movilizaci\u00f3n de 4.000 CRS en los Campos El\u00edseos, para intentar evitar una nueva batalla campal, semejante a la del s\u00e1bado d\u00eda 24 de noviembre pasado. Ese impresionante despliegue antidisturbios no ha conseguido evitar los espectaculares enfrentamientos al pie del Arco del Triunfo, construido a mayor gloria de las aventuras militares de Napole\u00f3n, donde Francia suele celebrar el recuerdo de los grandes acontecimientos hist\u00f3ricos.<br \/>\nVia: <a href=\"https:\/\/www.abc.es\/internacional\/abci-arco-triunfo-epicentro-batallas-campales-protagonizan-chalecos-amarillos-francia-201812011128_noticia.html\" target=\"_blank\">El Arco del Triunfo, epicentro de las batallas campales que protagonizan los \u00abchalecos amarillos\u00bb en Francia<\/a><\/p>\n","protected":false},"excerpt":{"rendered":"<p>Centenares de j\u00f3venes vistiendo chalecos amarillos se enfrentan a centenares de CRS (Compa\u00f1\u00edas republicanas de seguridad, anti disturbios) al pie del parisino Arco del Triunfo, la plaza m\u00e1s emblem\u00e1tica de la historia de Francia, desde primeras horas de la ma\u00f1ana de este s\u00e1bado, dando una primera imagen muy negra a [&hellip;]<\/p>\n","protected":false},"author":2,"featured_media":69629,"comment_status":"open","ping_status":"closed","sticky":false,"template":"","format":"standard","meta":{"footnotes":""},"categories":[6],"tags":[],"class_list":["post-69628","post","type-post","status-publish","format-standard","has-post-thumbnail","hentry","category-spanish"],"_links":{"self":[{"href":"https:\/\/theworldwidejournal.com\/index.php?rest_route=\/wp\/v2\/posts\/69628","targetHints":{"allow":["GET"]}}],"collection":[{"href":"https:\/\/theworldwidejournal.com\/index.php?rest_route=\/wp\/v2\/posts"}],"about":[{"href":"https:\/\/theworldwidejournal.com\/index.php?rest_route=\/wp\/v2\/types\/post"}],"author":[{"embeddable":true,"href":"https:\/\/theworldwidejournal.com\/index.php?rest_route=\/wp\/v2\/users\/2"}],"replies":[{"embeddable":true,"href":"https:\/\/theworldwidejournal.com\/index.php?rest_route=%2Fwp%2Fv2%2Fcomments&post=69628"}],"version-history":[{"count":0,"href":"https:\/\/theworldwidejournal.com\/index.php?rest_route=\/wp\/v2\/posts\/69628\/revisions"}],"wp:featuredmedia":[{"embeddable":true,"href":"https:\/\/theworldwidejournal.com\/index.php?rest_route=\/wp\/v2\/media\/69629"}],"wp:attachment":[{"href":"https:\/\/theworldwidejournal.com\/index.php?rest_route=%2Fwp%2Fv2%2Fmedia&parent=69628"}],"wp:term":[{"taxonomy":"category","embeddable":true,"href":"https:\/\/theworldwidejournal.com\/index.php?rest_route=%2Fwp%2Fv2%2Fcategories&post=69628"},{"taxonomy":"post_tag","embeddable":true,"href":"https:\/\/theworldwidejournal.com\/index.php?rest_route=%2Fwp%2Fv2%2Ftags&post=69628"}],"curies":[{"name":"wp","href":"https:\/\/api.w.org\/{rel}","templated":true}]}}