{"id":69632,"date":"1970-01-01T01:00:00","date_gmt":"1970-01-01T00:00:00","guid":{"rendered":"https:\/\/theworldwidejournal.com\/1970\/01\/01\/la-princesa-de-asturias-y-la-infanta-sofia-si-acudiran-al-homenaje-a-la-constitucion-en-el-congreso\/"},"modified":"1970-01-01T01:00:00","modified_gmt":"1970-01-01T00:00:00","slug":"la-princesa-de-asturias-y-la-infanta-sofia-si-acudiran-al-homenaje-a-la-constitucion-en-el-congreso","status":"publish","type":"post","link":"https:\/\/theworldwidejournal.com\/?p=69632","title":{"rendered":"La Princesa de Asturias y la Infanta Sof\u00eda s\u00ed acudir\u00e1n al homenaje a la Constituci\u00f3n en el Congreso"},"content":{"rendered":"<p>El Palacio de La Zarzuela ha anunciado este s\u00e1bado que la Princesa de Asturias y la Infanta Sof\u00eda tambi\u00e9n acudir\u00e1n el pr\u00f3ximo jueves, 6 de diciembre, al acto conmemorativo de la Constituci\u00f3n que se celebrar\u00e1 en el Congreso de los Diputados. De esta forma, los seis miembros de la Familia Real participar\u00e1n en el homenaje a la Carta Magna. La Casa del Rey anunci\u00f3 el viernes que al acto del Congreso acudir\u00edan los cuatro Reyes, y este s\u00e1bado ha enviado una ampliaci\u00f3n de la agenda de la Familia Real en la que tambi\u00e9n figuran la Princesa de Asturias y la Infanta Sof\u00eda entre los asistentes al acto del Congreso de los Diputados. Esta ser\u00e1 la primera vez en m\u00e1s de un siglo que dos Reyes, Don Juan Carlos y Don Felipe, asisten juntos a un acto en las Cortes, algo muy excepcional. En esta ocasi\u00f3n, la Casa del Rey ha encontrado una soluci\u00f3n al problema protocolario que impidi\u00f3 a Don Juan Carlos asistir al 40 aniversario de las primeras elecciones de la democracia. Una ausencia que provoc\u00f3 el malestar del padre del Rey. En este acto, los Reyes Don Felipe y Do\u00f1a Letizia y sus hijas, la Princesa de Asturias y la Infanta Sof\u00eda, ocupar\u00e1n la tribuna presidencial, mientras que Don Juan Carlos ocupar\u00e1 un lugar de honor. En la zona en la que habitualmente est\u00e1n los taqu\u00edgrafos, delante de la presidencia, se instalar\u00e1 otra presidencia en la que se situar\u00e1 Don Juan Carlos con los presidentes del Gobierno de la democracia y los padres de la Constituci\u00f3n. De esta forma, se resuelve el problema protocolario del aniversario de las primeras elecciones, motivado por el dif\u00edcil encaje de dos Reyes en el hemiciclo. En aquella ocasi\u00f3n, Don Juan Carlos rechaz\u00f3 asistir a la ceremonia desde la tribuna de invitados, que \u00e9l mismo calific\u00f3 de \u00abgallinero\u00bb. La \u00faltima vez que coincidieron dos Reyes en el Congreso de los Diputados fue hace m\u00e1s de un siglo, el 17 de mayo de 1902, cuando la Reina Regente Mar\u00eda Cristina acompa\u00f1\u00f3 a su hijo Alfonso XIII, que estrenaba su reinado.<br \/>\nVia: <a href=\"https:\/\/www.abc.es\/espana\/casa-real\/abci-princesa-asturias-y-infanta-sofia-si-acudiran-homenaje-constitucion-congreso-201812011201_noticia.html\" target=\"_blank\">La Princesa de Asturias y la Infanta Sof\u00eda s\u00ed acudir\u00e1n al homenaje a la Constituci\u00f3n en el Congreso<\/a><\/p>\n","protected":false},"excerpt":{"rendered":"<p>El Palacio de La Zarzuela ha anunciado este s\u00e1bado que la Princesa de Asturias y la Infanta Sof\u00eda tambi\u00e9n acudir\u00e1n el pr\u00f3ximo jueves, 6 de diciembre, al acto conmemorativo de la Constituci\u00f3n que se celebrar\u00e1 en el Congreso de los Diputados. De esta forma, los seis miembros de la Familia [&hellip;]<\/p>\n","protected":false},"author":2,"featured_media":69633,"comment_status":"open","ping_status":"closed","sticky":false,"template":"","format":"standard","meta":{"footnotes":""},"categories":[6],"tags":[],"class_list":["post-69632","post","type-post","status-publish","format-standard","has-post-thumbnail","hentry","category-spanish"],"_links":{"self":[{"href":"https:\/\/theworldwidejournal.com\/index.php?rest_route=\/wp\/v2\/posts\/69632","targetHints":{"allow":["GET"]}}],"collection":[{"href":"https:\/\/theworldwidejournal.com\/index.php?rest_route=\/wp\/v2\/posts"}],"about":[{"href":"https:\/\/theworldwidejournal.com\/index.php?rest_route=\/wp\/v2\/types\/post"}],"author":[{"embeddable":true,"href":"https:\/\/theworldwidejournal.com\/index.php?rest_route=\/wp\/v2\/users\/2"}],"replies":[{"embeddable":true,"href":"https:\/\/theworldwidejournal.com\/index.php?rest_route=%2Fwp%2Fv2%2Fcomments&post=69632"}],"version-history":[{"count":0,"href":"https:\/\/theworldwidejournal.com\/index.php?rest_route=\/wp\/v2\/posts\/69632\/revisions"}],"wp:featuredmedia":[{"embeddable":true,"href":"https:\/\/theworldwidejournal.com\/index.php?rest_route=\/wp\/v2\/media\/69633"}],"wp:attachment":[{"href":"https:\/\/theworldwidejournal.com\/index.php?rest_route=%2Fwp%2Fv2%2Fmedia&parent=69632"}],"wp:term":[{"taxonomy":"category","embeddable":true,"href":"https:\/\/theworldwidejournal.com\/index.php?rest_route=%2Fwp%2Fv2%2Fcategories&post=69632"},{"taxonomy":"post_tag","embeddable":true,"href":"https:\/\/theworldwidejournal.com\/index.php?rest_route=%2Fwp%2Fv2%2Ftags&post=69632"}],"curies":[{"name":"wp","href":"https:\/\/api.w.org\/{rel}","templated":true}]}}