{"id":70039,"date":"1970-01-01T01:00:00","date_gmt":"1970-01-01T00:00:00","guid":{"rendered":"https:\/\/theworldwidejournal.com\/1970\/01\/01\/diaz-apunta-a-cataluna-para-explicar-su-fracaso-y-contesta-a-ferraz-se-regenera-aquello-que-esta-degenerado\/"},"modified":"1970-01-01T01:00:00","modified_gmt":"1970-01-01T00:00:00","slug":"diaz-apunta-a-cataluna-para-explicar-su-fracaso-y-contesta-a-ferraz-se-regenera-aquello-que-esta-degenerado","status":"publish","type":"post","link":"https:\/\/theworldwidejournal.com\/?p=70039","title":{"rendered":"D\u00edaz apunta a Catalu\u00f1a para explicar su fracaso y contesta a Ferraz: \u00abSe regenera aquello que est\u00e1 degenerado\u00bb"},"content":{"rendered":"<p>La presidenta en funciones de la Junta de Andaluc\u00eda no tira la toalla y buscar\u00e1 un pacto a d\u00eda de hoy imposible para seguir en la presidencia. Susana D\u00edaz ha reconocido en una entrevista en la Ser esta ma\u00f1ana que \u00abganar as\u00ed es triste\u00bb, pero rechaza dimitir y tratar\u00e1 de presentarse a una investidura, algo que har\u00e1 \u00fanicamente \u00absi tengo los apoyos suficientes\u00bb. D\u00edaz ha dejado claro en sus respuestas que entiende que la responsabilidad es compartida entre su gesti\u00f3n y la del Gobierno de Espa\u00f1a. Por un lado reconoce que existen fallos \u00aben el \u00e1mbito nuestro tambi\u00e9n\u00bb porque la recuperaci\u00f3n de la agenda social despu\u00e9s de una crisis \u00abno ha sido todo lo r\u00e1pido que se esperaba\u00bb. Pero por otro lado ha planteado que \u00absi hubiera sido s\u00f3lo agenda social se habr\u00edan ido a otra fuerza de izquierdas\u00bb, pero aqu\u00ed ha recordado que \u00abPodemos pierde m\u00e1s voto proporcionalmente\u00bb que los socialistas. Y aqu\u00ed sus pensamientos se centran en la cuesti\u00f3n catalana. D\u00edaz ha reconocido que tendr\u00e1 que \u00abreflexionar\u00bb porque ella critic\u00f3 especialmente a Ciudadanos que centrase la campa\u00f1a en Catalu\u00f1a. Y ha recordado c\u00f3mo Albert Rivera ped\u00eda el voto \u00abcontra\u00bb los independentistas. D\u00edaz ha reconocido que \u00abla que estaba equivocada era yo\u00bb y que sus rivales \u00absab\u00edan muy bien lo que hac\u00edan\u00bb. Sin querer entrar al choque frontal con Ferraz, D\u00edaz ha asegurado que habl\u00f3 con S\u00e1nchez en tono muy cari\u00f1oso, la todav\u00eda presidenta andaluza ha censurado las palabras de \u00c1balos que ayer apuntaban a la \u00abnecesaria regeneraci\u00f3n\u00bb del proyecto socialista en Andaluc\u00eda. \u00abSe regenera aquello que est\u00e1 degenerado y yo lidero un partido decente, honesto y trabajador. Seguramente no es lo que ha querido decir\u00bb, ha dicho D\u00edaz. La presidenta tambi\u00e9n ha apuntado a que debe haber reflexi\u00f3n a nivel federal, apuntando a la reuni\u00f3n de la Ejecutiva que se celebra hoy. Y lanza un mensaje a quienes le ense\u00f1an la puerta de salida desde Ferraz: \u00abGobernar no es ganar. Ganar es ganar\u00bb. La l\u00edder del PSOE andaluz se ha mostrado dispuesta a \u00abhablar con todos menos con quien no reconoce nuestra autonom\u00eda\u00bb, en referencia a Vox. Y sus esfuerzos se centran en Ciudadanos, a quien ha interpelado recordando las palabras de Manuel Valls o Guy Verhofstadt alertando del auge de Vox. \u00abQuiero yo saber d\u00f3nde est\u00e1n los constitucionalistas\u00bb, ha dicho. Ciudadanos ya ha dado muestras de preferir una suma con el PSOE que con Vox, adem\u00e1s de con el PP, pero reclama que sean los populares y los socialistas los que apoyen a su candidato pese a haber sido tercero argumentando que es el \u00fanico que crece. Un planteamiento que los socialistas rechazan: \u00ab\u00bfPor qu\u00e9 tiene derecho el que ha quedado tercero y yo que he ganado no tengo derecho?\u00bb, se ha preguntado D\u00edaz.<br \/>\nVia: <a href=\"https:\/\/www.abc.es\/espana\/abci-diaz-apunta-cataluna-para-explicar-fracaso-y-contesta-ferraz-regenera-aquello-esta-degenerado-201812040934_noticia.html\" target=\"_blank\">D\u00edaz apunta a Catalu\u00f1a para explicar su fracaso y contesta a Ferraz: \u00abSe regenera aquello que est\u00e1 degenerado\u00bb<\/a><\/p>\n","protected":false},"excerpt":{"rendered":"<p>La presidenta en funciones de la Junta de Andaluc\u00eda no tira la toalla y buscar\u00e1 un pacto a d\u00eda de hoy imposible para seguir en la presidencia. Susana D\u00edaz ha reconocido en una entrevista en la Ser esta ma\u00f1ana que \u00abganar as\u00ed es triste\u00bb, pero rechaza dimitir y tratar\u00e1 de [&hellip;]<\/p>\n","protected":false},"author":2,"featured_media":70040,"comment_status":"open","ping_status":"closed","sticky":false,"template":"","format":"standard","meta":{"footnotes":""},"categories":[6],"tags":[],"class_list":["post-70039","post","type-post","status-publish","format-standard","has-post-thumbnail","hentry","category-spanish"],"_links":{"self":[{"href":"https:\/\/theworldwidejournal.com\/index.php?rest_route=\/wp\/v2\/posts\/70039","targetHints":{"allow":["GET"]}}],"collection":[{"href":"https:\/\/theworldwidejournal.com\/index.php?rest_route=\/wp\/v2\/posts"}],"about":[{"href":"https:\/\/theworldwidejournal.com\/index.php?rest_route=\/wp\/v2\/types\/post"}],"author":[{"embeddable":true,"href":"https:\/\/theworldwidejournal.com\/index.php?rest_route=\/wp\/v2\/users\/2"}],"replies":[{"embeddable":true,"href":"https:\/\/theworldwidejournal.com\/index.php?rest_route=%2Fwp%2Fv2%2Fcomments&post=70039"}],"version-history":[{"count":0,"href":"https:\/\/theworldwidejournal.com\/index.php?rest_route=\/wp\/v2\/posts\/70039\/revisions"}],"wp:featuredmedia":[{"embeddable":true,"href":"https:\/\/theworldwidejournal.com\/index.php?rest_route=\/wp\/v2\/media\/70040"}],"wp:attachment":[{"href":"https:\/\/theworldwidejournal.com\/index.php?rest_route=%2Fwp%2Fv2%2Fmedia&parent=70039"}],"wp:term":[{"taxonomy":"category","embeddable":true,"href":"https:\/\/theworldwidejournal.com\/index.php?rest_route=%2Fwp%2Fv2%2Fcategories&post=70039"},{"taxonomy":"post_tag","embeddable":true,"href":"https:\/\/theworldwidejournal.com\/index.php?rest_route=%2Fwp%2Fv2%2Ftags&post=70039"}],"curies":[{"name":"wp","href":"https:\/\/api.w.org\/{rel}","templated":true}]}}