{"id":70043,"date":"1970-01-01T01:00:00","date_gmt":"1970-01-01T00:00:00","guid":{"rendered":"https:\/\/theworldwidejournal.com\/1970\/01\/01\/iglesias-eleva-la-tension-contra-vox-estoy-orgulloso-de-los-que-no-quieren-que-los-fachas-vuelvan\/"},"modified":"1970-01-01T01:00:00","modified_gmt":"1970-01-01T00:00:00","slug":"iglesias-eleva-la-tension-contra-vox-estoy-orgulloso-de-los-que-no-quieren-que-los-fachas-vuelvan","status":"publish","type":"post","link":"https:\/\/theworldwidejournal.com\/?p=70043","title":{"rendered":"Iglesias eleva la tensi\u00f3n contra Vox: \u00abEstoy orgulloso de los que no quieren que los fachas vuelvan\u00bb"},"content":{"rendered":"<p>Podemos y Vox est\u00e1n tensando al m\u00e1ximo el debate pol\u00edtico tras las elecciones andaluzas. Los l\u00edderes de las formaciones m\u00e1s situadas al extremo del arco pol\u00edtico est\u00e1n protagonizando una batalla campal en la que se lanzan dardos en cada intervenci\u00f3n medi\u00e1tica. El secretario general de la formaci\u00f3n morada, Pablo Iglesias, ha aprovechado su intervenci\u00f3n de este martes en Antena 3 para espetarle al presidente de Vox, Santiago Abascal, que solo le falta responsabilizarle de sus \u00abhemorroides\u00bb. \u00abEspero que no me haga responsable de las hemorroides que puede tener, solo faltar\u00eda que Iglesias fuera responsable de que Abascal tenga hemorroides\u00bb, ha ironizado el l\u00edder de Podemos, despu\u00e9s de que ayer el presidente de Vox asegurara que culpar\u00edan a Podemos de la violencia que ejerzan contra su partido por su llamamiento social a frenar a la \u00abextrema derecha\u00bb. En este sentido, Iglesias ha expresado que est\u00e1 \u00aborgulloso de los estudiantes antifascistas que en ciudades andaluzas han dicho que no quieren que los fachas vuelvan\u00bb. Se refer\u00eda as\u00ed a las manifestaciones de ayer en Sevilla, Granada y M\u00e1laga, donde miles de personas protestaron contra el \u00abfascismo\u00bb y contra los 12 esca\u00f1os que Vox consigui\u00f3 en el Parlamento andaluz por el \u00abefecto llamada\u00bb de Podemos. Desde la sede nacional de la formaci\u00f3n, sus portavoces, Pablo Echenique y Noelia Vera, tambi\u00e9n han defendido su \u00abllamamiento a la movilidad social\u00bb porque es parte de su forma de hacer pol\u00edtica desde que se fund\u00f3 la formaci\u00f3n. \u00abNosotros siempre hemos cre\u00eddo que hay que tener un pie en las instituciones y mil en la calle\u00bb, ha expresado Vera. Echenique, por su parte, ha apuntalado las palabras de su compa\u00f1era:\u00abPodemos es una herramienta para elevar las propuestas de la calle y no un partido cl\u00e1sico\u00bb. Objetivo: aprobar los Presupuestos En Princesa 2 se han encendido todas las alarmas desde que Vox sali\u00f3 catapultado de los comicios andaluces por miedo a que se repita en las nacionales. Podemos ha ralentizado su ruta hac\u00eda las elecciones \u2013convocaron primarias internas para estar preparados\u2013 y han rectificado su estrategia para centrarse en hacer un cord\u00f3n sanitario a los de Abascal. La mejor forma para frenar a Vox, ha explicado Echenique, es aprobando las Presupuestos Generales del Estado y sus \u00abmedidas sociales para mejorar la vida de la gente\u00bb porque la \u00abextremaderecha es hija de los recortes y del neoliberalismo\u00bb. Pero en Podemos saben que es casi imposible aprobar las cuentas si no se recupera la mayor\u00eda de la moci\u00f3n de censura que elev\u00f3 al presidente del Gobierno, Pedro S\u00e1nchez, y que est\u00e1 rota. \u00abLas fuerzas pol\u00edticas tenemos que tener altura de Estado\u00bb, ha pedido Echenique, que ha hecho un llamamiento a los partidos independentistas para apoyen los PGE y tengan la \u00abaltura de miras\u00bb que tuvieron para echar al Partido Popular del Ejecutivo. \u00abLos partidos que apoyamos la moci\u00f3n de censura tenemos una oportunidad de cerrarle la puerta a la extremaderecha mejorando las condiciones de vida materiales de los espa\u00f1oles\u00bb, ha insistido Echenique. \u00abAlgo no ha funcionado\u00bb Tras dos d\u00edas del batacazo electoral de Adelante Andaluc\u00eda, la direcci\u00f3n estatal de Podemos ha empezado a asumir errores. \u00abLo que queda claro es que algo no ha funcionado\u00bb, ha considerado Vera, que tambi\u00e9n se\u00f1ala a la presidenta socialista, Susana D\u00edaz, como culpable del crecimiento de la derecha.<br \/>\nVia: <a href=\"https:\/\/www.abc.es\/espana\/abci-iglesias-eleva-tension-contra-estoy-orgulloso-no-quieren-fachas-vuelvan-201812041356_noticia.html\" target=\"_blank\">Iglesias eleva la tensi\u00f3n contra Vox: \u00abEstoy orgulloso de los que no quieren que los fachas vuelvan\u00bb<\/a><\/p>\n","protected":false},"excerpt":{"rendered":"<p>Podemos y Vox est\u00e1n tensando al m\u00e1ximo el debate pol\u00edtico tras las elecciones andaluzas. Los l\u00edderes de las formaciones m\u00e1s situadas al extremo del arco pol\u00edtico est\u00e1n protagonizando una batalla campal en la que se lanzan dardos en cada intervenci\u00f3n medi\u00e1tica. El secretario general de la formaci\u00f3n morada, Pablo Iglesias, [&hellip;]<\/p>\n","protected":false},"author":2,"featured_media":70044,"comment_status":"open","ping_status":"closed","sticky":false,"template":"","format":"standard","meta":{"footnotes":""},"categories":[6],"tags":[],"class_list":["post-70043","post","type-post","status-publish","format-standard","has-post-thumbnail","hentry","category-spanish"],"_links":{"self":[{"href":"https:\/\/theworldwidejournal.com\/index.php?rest_route=\/wp\/v2\/posts\/70043","targetHints":{"allow":["GET"]}}],"collection":[{"href":"https:\/\/theworldwidejournal.com\/index.php?rest_route=\/wp\/v2\/posts"}],"about":[{"href":"https:\/\/theworldwidejournal.com\/index.php?rest_route=\/wp\/v2\/types\/post"}],"author":[{"embeddable":true,"href":"https:\/\/theworldwidejournal.com\/index.php?rest_route=\/wp\/v2\/users\/2"}],"replies":[{"embeddable":true,"href":"https:\/\/theworldwidejournal.com\/index.php?rest_route=%2Fwp%2Fv2%2Fcomments&post=70043"}],"version-history":[{"count":0,"href":"https:\/\/theworldwidejournal.com\/index.php?rest_route=\/wp\/v2\/posts\/70043\/revisions"}],"wp:featuredmedia":[{"embeddable":true,"href":"https:\/\/theworldwidejournal.com\/index.php?rest_route=\/wp\/v2\/media\/70044"}],"wp:attachment":[{"href":"https:\/\/theworldwidejournal.com\/index.php?rest_route=%2Fwp%2Fv2%2Fmedia&parent=70043"}],"wp:term":[{"taxonomy":"category","embeddable":true,"href":"https:\/\/theworldwidejournal.com\/index.php?rest_route=%2Fwp%2Fv2%2Fcategories&post=70043"},{"taxonomy":"post_tag","embeddable":true,"href":"https:\/\/theworldwidejournal.com\/index.php?rest_route=%2Fwp%2Fv2%2Ftags&post=70043"}],"curies":[{"name":"wp","href":"https:\/\/api.w.org\/{rel}","templated":true}]}}