{"id":70047,"date":"1970-01-01T01:00:00","date_gmt":"1970-01-01T00:00:00","guid":{"rendered":"https:\/\/theworldwidejournal.com\/1970\/01\/01\/torra-se-querella-contra-juan-marin-por-acusarle-de-insultar-a-los-andaluces\/"},"modified":"1970-01-01T01:00:00","modified_gmt":"1970-01-01T00:00:00","slug":"torra-se-querella-contra-juan-marin-por-acusarle-de-insultar-a-los-andaluces","status":"publish","type":"post","link":"https:\/\/theworldwidejournal.com\/?p=70047","title":{"rendered":"Torra se querella contra Juan Mar\u00edn por acusarle de insultar a los andaluces"},"content":{"rendered":"<p>El presidente de la Generalitat, Quim Torra, se querellar\u00e1 contra el l\u00edder de Ciudadanos en Andaluc\u00eda, Juan Mar\u00edn, por acusarle de decir que los andaluces ten\u00edan \u00abun gen menos\u00bb que los catalanes, y que adem\u00e1s, eran m\u00e1s flojos y m\u00e1s vagos. Mar\u00edn hizo estas afirmaciones durante un debate celebrado el pasado mes de noviembre en Canal SUR con motivo de la campa\u00f1a electoral que acab\u00f3 el pasado domingo, y en la que la formaci\u00f3n naranja logr\u00f3 21 esca\u00f1os. Seg\u00fan la querella, los hechos y palabras de Mar\u00edn pueden ser presuntamente constitutivos de un delito de \u00abinjurias graves cometidas con publicidad\u00bb, se\u00f1ala el texto, al que ha tenido acceso ABC. Asimismo, agrega que Mar\u00edn, atribuy\u00f3 de una forma \u00abreiterada, totalmente gratuita, sin ninguna justificaci\u00f3n, con pleno conocimiento de su falsedad y temerario desprecio a la verdad\u00bb supuestas manifestaciones falsas a Quim Torra. Seg\u00fan advierten los abogados de la Generalitat, Mar\u00edn reiter\u00f3 repetidamente que Torra hab\u00eda dicho cosas que realmente nunca han salido de su boca, como que los andaluces ten\u00edan un gen menos que los catalanes o que estos eran m\u00e1s flojos y m\u00e1s vagos. \u00abEllo atenta gravemente contra la dignidad, la fama y la buena estimaci\u00f3n del m\u00e1s alto representante de la Generalitat de Catalu\u00f1a\u00bb, a\u00f1ade la denuncia. La querella se ha presentado ante la Sala Civil y Penal del Tribunal Superior de Justicia de Andaluc\u00eda al ser Mar\u00edn vocal suplente de la Diputaci\u00f3n Permanente del Parlamento de Andaluc\u00eda dos d\u00edas despu\u00e9s de la celebraci\u00f3n de los comicios andaluces, en los que Ciudadanos experiment\u00f3 un notable aumento de votos, solo superado por la irrupci\u00f3n de Vox en el parlamento auton\u00f3mico con 12 diputados. Arrimadas: \u00abPonga las querellas que quiera\u00bb La portavoz nacional de Ciudadanos y l\u00edder de la formaci\u00f3n en Catalu\u00f1a, In\u00e9s Arrimadas, ha respondido r\u00e1pidamente a la querella anunciada por Torra. \u00abQue ponga todas las querellas que quiera\u00bb, ha asegurado la dirigente naranja antes de se\u00f1alar que su formaci\u00f3n seguir\u00e1 denunciando los art\u00edculos supremacistas del presidente catal\u00e1n. Preguntada sobre esta querella a Mar\u00edn durante una rueda de prensa en el Parlamento catal\u00e1n, Arrimadas ha dejado claro que su formaci\u00f3n \u00abseguir\u00e1 denunciado en Catalu\u00f1a y Andaluc\u00eda las barbaridades que Torra escribi\u00f3 y que fueron condenadas por xen\u00f3fobas y supremacistas por los tres principales partidos del Parlamento Europeo\u00bb.<br \/>\nVia: <a href=\"https:\/\/www.abc.es\/espana\/catalunya\/politica\/abci-torra-querella-contra-juan-marin-acusarle-insultar-andaluces-201812041353_noticia.html\" target=\"_blank\">Torra se querella contra Juan Mar\u00edn por acusarle de insultar a los andaluces<\/a><\/p>\n","protected":false},"excerpt":{"rendered":"<p>El presidente de la Generalitat, Quim Torra, se querellar\u00e1 contra el l\u00edder de Ciudadanos en Andaluc\u00eda, Juan Mar\u00edn, por acusarle de decir que los andaluces ten\u00edan \u00abun gen menos\u00bb que los catalanes, y que adem\u00e1s, eran m\u00e1s flojos y m\u00e1s vagos. Mar\u00edn hizo estas afirmaciones durante un debate celebrado el [&hellip;]<\/p>\n","protected":false},"author":2,"featured_media":70048,"comment_status":"open","ping_status":"closed","sticky":false,"template":"","format":"standard","meta":{"footnotes":""},"categories":[6],"tags":[],"class_list":["post-70047","post","type-post","status-publish","format-standard","has-post-thumbnail","hentry","category-spanish"],"_links":{"self":[{"href":"https:\/\/theworldwidejournal.com\/index.php?rest_route=\/wp\/v2\/posts\/70047","targetHints":{"allow":["GET"]}}],"collection":[{"href":"https:\/\/theworldwidejournal.com\/index.php?rest_route=\/wp\/v2\/posts"}],"about":[{"href":"https:\/\/theworldwidejournal.com\/index.php?rest_route=\/wp\/v2\/types\/post"}],"author":[{"embeddable":true,"href":"https:\/\/theworldwidejournal.com\/index.php?rest_route=\/wp\/v2\/users\/2"}],"replies":[{"embeddable":true,"href":"https:\/\/theworldwidejournal.com\/index.php?rest_route=%2Fwp%2Fv2%2Fcomments&post=70047"}],"version-history":[{"count":0,"href":"https:\/\/theworldwidejournal.com\/index.php?rest_route=\/wp\/v2\/posts\/70047\/revisions"}],"wp:featuredmedia":[{"embeddable":true,"href":"https:\/\/theworldwidejournal.com\/index.php?rest_route=\/wp\/v2\/media\/70048"}],"wp:attachment":[{"href":"https:\/\/theworldwidejournal.com\/index.php?rest_route=%2Fwp%2Fv2%2Fmedia&parent=70047"}],"wp:term":[{"taxonomy":"category","embeddable":true,"href":"https:\/\/theworldwidejournal.com\/index.php?rest_route=%2Fwp%2Fv2%2Fcategories&post=70047"},{"taxonomy":"post_tag","embeddable":true,"href":"https:\/\/theworldwidejournal.com\/index.php?rest_route=%2Fwp%2Fv2%2Ftags&post=70047"}],"curies":[{"name":"wp","href":"https:\/\/api.w.org\/{rel}","templated":true}]}}