{"id":70110,"date":"1970-01-01T01:00:00","date_gmt":"1970-01-01T00:00:00","guid":{"rendered":"https:\/\/theworldwidejournal.com\/1970\/01\/01\/dos-detenidos-quema-de-contenedores-y-agresiones-a-policias-y-periodistas-en-una-manifestacion-contra-vox-en-cadiz\/"},"modified":"1970-01-01T01:00:00","modified_gmt":"1970-01-01T00:00:00","slug":"dos-detenidos-quema-de-contenedores-y-agresiones-a-policias-y-periodistas-en-una-manifestacion-contra-vox-en-cadiz","status":"publish","type":"post","link":"https:\/\/theworldwidejournal.com\/?p=70110","title":{"rendered":"Dos detenidos, quema de contenedores y agresiones a polic\u00edas y periodistas en una manifestaci\u00f3n contra Vox en C\u00e1diz"},"content":{"rendered":"<p>Dos varones han sido detenidos como presuntos autores de los delitos de des\u00f3rdenes p\u00fablicos y atentado contra agentes de la autoridad en el marco de la manifestaci\u00f3n contra Vox convocada este martes en C\u00e1diz. En el transcurso de la manifestaci\u00f3n, que ha arrancado a las 19.00 horas, varias personas han realizado pintadas en las fachadas de algunas entidades bancarias y cajeros autom\u00e1ticos, as\u00ed como en algunas tiendas y comercios, seg\u00fan han se\u00f1alado a Europa Press fuentes policiales. As\u00ed, por ejemplo, en la calle C\u00e1novas del Castillo han llevado a cabo una pintada en la fachada de la sede del Partido Popular, han indicado las mismas fuentes. Adem\u00e1s, en la Avenida del Campo del Sur un grupo de manifestantes ha cruzado unos contenedores interrumpiendo el tr\u00e1fico en ambos sentidos y los congregados tambi\u00e9n han cortado la circulaci\u00f3n rodada en ambos sentidos de la Avenida de Andaluc\u00eda y han colocado contenedores a lo largo de la misma. Igualmente, una vez llegados a la intersecci\u00f3n de Avenida Andaluc\u00eda con Plaza Asdr\u00fabal, han quemado alguno de ellos. Tras la lectura de un manifiesto en la sede la Junta de Andaluc\u00eda que daba por concluida la manifestaci\u00f3n, varios individuos han lanzado objetos contra la Polic\u00eda produci\u00e9ndose una carga policial para disolver a los manifestantes, momento en el que se ha detenido a los dos varones. Las citadas fuentes han apuntado que las organizaciones Izquierda Revolucionaria y Sindicato de Estudiantes han sido las convocantes de la marcha, la cual no hab\u00eda sido comunicada a la Subdelegaci\u00f3n del Gobierno, con el objetivo de \u00abcombatir a la derecha y al fascismo, luchar en las calles y defender una alternativa revolucionaria\u00bb. Cabe recordar que, en este marco, el Colegio de Periodistas de C\u00e1diz ha condenado las agresiones registradas a profesionales de los medios de comunicaci\u00f3n en el marco de la manifestaci\u00f3n. Seg\u00fan ha denunciado la organizaci\u00f3n, \u00ables han tirado piedras, escupido, les han pintado la ropa, los objetivos de las c\u00e1maras, han intentado destruir sus herramientas de trabajo, les han insultado y amenazado\u00bb.<br \/>\nVia: <a href=\"https:\/\/www.abc.es\/espana\/abci-detenidos-quema-contenedores-y-agresiones-policias-y-periodistas-manifestacion-contra-cadiz-201812050022_noticia.html\" target=\"_blank\">Dos detenidos, quema de contenedores y agresiones a polic\u00edas y periodistas en una manifestaci\u00f3n contra Vox en C\u00e1diz<\/a><\/p>\n","protected":false},"excerpt":{"rendered":"<p>Dos varones han sido detenidos como presuntos autores de los delitos de des\u00f3rdenes p\u00fablicos y atentado contra agentes de la autoridad en el marco de la manifestaci\u00f3n contra Vox convocada este martes en C\u00e1diz. En el transcurso de la manifestaci\u00f3n, que ha arrancado a las 19.00 horas, varias personas han [&hellip;]<\/p>\n","protected":false},"author":2,"featured_media":70111,"comment_status":"open","ping_status":"closed","sticky":false,"template":"","format":"standard","meta":{"footnotes":""},"categories":[6],"tags":[],"class_list":["post-70110","post","type-post","status-publish","format-standard","has-post-thumbnail","hentry","category-spanish"],"_links":{"self":[{"href":"https:\/\/theworldwidejournal.com\/index.php?rest_route=\/wp\/v2\/posts\/70110","targetHints":{"allow":["GET"]}}],"collection":[{"href":"https:\/\/theworldwidejournal.com\/index.php?rest_route=\/wp\/v2\/posts"}],"about":[{"href":"https:\/\/theworldwidejournal.com\/index.php?rest_route=\/wp\/v2\/types\/post"}],"author":[{"embeddable":true,"href":"https:\/\/theworldwidejournal.com\/index.php?rest_route=\/wp\/v2\/users\/2"}],"replies":[{"embeddable":true,"href":"https:\/\/theworldwidejournal.com\/index.php?rest_route=%2Fwp%2Fv2%2Fcomments&post=70110"}],"version-history":[{"count":0,"href":"https:\/\/theworldwidejournal.com\/index.php?rest_route=\/wp\/v2\/posts\/70110\/revisions"}],"wp:featuredmedia":[{"embeddable":true,"href":"https:\/\/theworldwidejournal.com\/index.php?rest_route=\/wp\/v2\/media\/70111"}],"wp:attachment":[{"href":"https:\/\/theworldwidejournal.com\/index.php?rest_route=%2Fwp%2Fv2%2Fmedia&parent=70110"}],"wp:term":[{"taxonomy":"category","embeddable":true,"href":"https:\/\/theworldwidejournal.com\/index.php?rest_route=%2Fwp%2Fv2%2Fcategories&post=70110"},{"taxonomy":"post_tag","embeddable":true,"href":"https:\/\/theworldwidejournal.com\/index.php?rest_route=%2Fwp%2Fv2%2Ftags&post=70110"}],"curies":[{"name":"wp","href":"https:\/\/api.w.org\/{rel}","templated":true}]}}