{"id":70178,"date":"1970-01-01T01:00:00","date_gmt":"1970-01-01T00:00:00","guid":{"rendered":"https:\/\/theworldwidejournal.com\/1970\/01\/01\/santiago-abascal-sanchez-no-dura-ni-un-minuto-en-la-moncloa-si-adelanta-las-elecciones\/"},"modified":"1970-01-01T01:00:00","modified_gmt":"1970-01-01T00:00:00","slug":"santiago-abascal-sanchez-no-dura-ni-un-minuto-en-la-moncloa-si-adelanta-las-elecciones","status":"publish","type":"post","link":"https:\/\/theworldwidejournal.com\/?p=70178","title":{"rendered":"Santiago Abascal: \u00abS\u00e1nchez no dura ni un minuto en La Moncloa si adelanta las elecciones\u00bb"},"content":{"rendered":"<p>Santiago Abascal acaba de volver de una agotadora campa\u00f1a en Andaluc\u00eda, pero no se le nota el cansancio. Recibe a ABC en el piso de la sede de Vox en el centro de Madrid. Hay una bandera de Espa\u00f1a en el balc\u00f3n, pero ning\u00fan signo de identificaci\u00f3n. Los muebles son baratos y funcionales y no hay ni la menor concesi\u00f3n al confort. El l\u00edder de Vox mira de frente al entrevistador y responde sin eludir ninguna respuesta. -\u00bfEsperaba usted sacar estos resultados en las elecciones andaluzas? -No esper\u00e1bamos sacar 12 esca\u00f1os, pero es cierto que en los \u00faltimos d\u00edas tampoco descart\u00e1bamos ning\u00fan escenario porque not\u00e1bamos una gran adhesi\u00f3n en la calle y una fuerte asistencia a nuestros m\u00edtines, que han sido los m\u00e1s multitudinarios de la campa\u00f1a. Calculamos que han ido unas 25.000 personas. Yo dec\u00eda que no descartaba ni cero ni diez esca\u00f1os. Algunos arqueaban las cejas al o\u00edr esta \u00faltima cifra pero la realidad ha superado todas nuestras expectativas. -\u00bfCu\u00e1l va a ser su estrategia poselectoral? \u00bfApoyar\u00e1 Vox una alianza entre PP y Ciudadanos para gobernar? \u00bfVan a exigir entrar en el Gobierno o prefieren quedarse fuera? -No barajamos ninguna hip\u00f3tesis que no pase por la expulsi\u00f3n del socialismo y el comunismo chavista de la Junta de Andaluc\u00eda. No nos lo perdonar\u00eda nadie y no nos cabe en la cabeza poner ning\u00fan tipo de obst\u00e1culo a ese cambio que necesita Andaluc\u00eda. Las f\u00f3rmulas son precisamente lo que tenemos que debatir en el Comit\u00e9 Ejecutivo, pero nosotros no tenemos ning\u00fan inter\u00e9s en cargos o en participar activamente en el nuevo Gobierno. Nuestro inter\u00e9s est\u00e1 en las ideas, en la cuesti\u00f3n program\u00e1tica. -\u00bfCu\u00e1les son las claves del \u00e9xito inesperado de Vox en Andaluc\u00eda? -Yo creo que las claves tienen que ver con la claridad del discurso, con haber conectado con una Espa\u00f1a soterrada frente a una Espa\u00f1a oficial e institucional que est\u00e1 en las tertulias, en los titulares, en las tribunas y en los partidos. Hab\u00eda una parte del pueblo espa\u00f1ol que se sent\u00eda maltratada, afeada en sus sentimientos y nosotros hemos dicho siempre lo mismo en todas partes y adem\u00e1s con una claridad extraordinaria. Eso es lo que nos ha permitido conectar desde el punto de vista sentimental. Pero, sobre todo, hemos conectado con un discurso patri\u00f3tico en el que hemos hablado de Espa\u00f1a, de las cuestiones migratorias y de la defensa de nuestras fronteras. Tambi\u00e9n nos hemos opuesto a leyes totalitarias como las de g\u00e9nero y las de memoria hist\u00f3rica. -\u00bfNo es cierto que el ascenso de Vox se ha cimentado en la crisis de los otros partidos? -Tambi\u00e9n. Esto ha ocurrido en otros muchos lugares de Occidente. -Es evidente que Vox ha gestionado muy bien las redes sociales. Pero la gente se pregunta c\u00f3mo ha financiado esta campa\u00f1a\u2026 -Nos financiamos a trav\u00e9s de las cuotas de los afiliados, que esta ma\u00f1ana eran 18.500. Hemos aumentado 1.000 en las \u00faltimas 24 horas. Estas cuotas han bastado para cubrir los gastos ordinarios, de infraestructura del partido. Pero la campa\u00f1a la hemos financiado con aportaciones extraordinarias. Hemos recabado apoyos a trav\u00e9s de internet para recaudar los 150.000 euros que nos ha costado. Realmente es muy poco dinero porque hemos hecho una campa\u00f1a muy austera en la que hemos viajado en furgoneta, nos hemos alojado en casas de amigos y hemos gastado lo m\u00ednimo. -Vox ha recibido ataques de los partidos de izquierda, con duras descalificaciones de Susana D\u00edaz y Pablo Iglesias. \u00bfLe ha molestado? -La agresividad de Podemos contra Vox en la noche electoral pretende enmascarar su gran fracaso. Hemos vivido esas descalificaciones con tranquilidad porque nos d\u00e1bamos cuenta de que est\u00e1bamos acertando con nuestro discurso. No nos han molestado los insultos de esos a los que hemos venido a combatir, de quienes son enemigos del orden constitucional y del sistema democr\u00e1tico. M\u00e1s all\u00e1 de etiquetarnos o estigmatizarnos, Pablo Iglesias, por ejemplo, ha animado a la gente a salir a la calle con un antifascismo militante que consiste en incitar a conductas tan graves como los gritos que sufri\u00f3 Ortega Lara en Murcia, al que le dec\u00edan que volviera al zulo en el que le meti\u00f3 ETA. Y en el caso de Susana D\u00edaz, pas\u00f3 de llamarnos machistas a afirmar que justific\u00e1bamos la violencia contra las mujeres y que proteg\u00edamos a los maltratadores. La hemos respondido con una querella por incitaci\u00f3n al odio. Todos tenemos madres, esposas e hijas y no podemos tolerar una acusaci\u00f3n tan burda. -\u00bfPor qu\u00e9 Vox se ha autocalificado como el partido de los indignados y contra quien va esa indignaci\u00f3n? \u00bfEst\u00e1 su partido creando crispaci\u00f3n? -Lo que crea crispaci\u00f3n es que mucha gente nos est\u00e1 votando. Cuando nadie nos apoyaba, les daba igual lo que dij\u00e9ramos. Cuando nuestro candidato Francisco Serrano acu\u00f1\u00f3 ese t\u00e9rmino, ten\u00eda en mente la gente que est\u00e1 cansada de que le digan lo que tiene que pensar desde tribunas medi\u00e1ticas o pol\u00edticas. -\u00bfCu\u00e1ndo cree usted que ser\u00e1n las generales y qu\u00e9 esperan de ellas? -Creo que el presidente del Gobierno se va a incrustar en su sill\u00f3n de La Moncloa como una lapa como consecuencia de las elecciones en Andaluc\u00eda. Se las promet\u00eda muy feliz con un resultado favorable que le permitiera revalidar su mayor\u00eda, pero ha ocurrido todo lo contrario. Han visto que, si se adelantan las elecciones, Pedro S\u00e1nchez no va a durar ni un minuto en La Moncloa. Como carece de escr\u00fapulos, va a alargar todo lo posible la convocatoria. Pero no puede eludir las europeas, municipales y auton\u00f3micas, donde creo que vamos a llegar con extraordinaria fuerza. Tenemos la vocaci\u00f3n de ir a las europeas para ganarlas. -\u00bfCada voto que saca Vox no es un voto que pierde el PP y que le debilita electoralmente? -Nosotros no hemos venido para perjudicar o beneficiar al PP. Los que hablaban del voto \u00fatil han perdido su discurso porque estas elecciones han demostrado que ha tenido que entrar Vox en el Parlamento andaluz para que exista hoy una mayor\u00eda alternativa. Hemos conseguido a las primeras de cambio lo que el&hellip;<br \/>\nVia: <a href=\"https:\/\/www.abc.es\/espana\/abci-santiago-abascal-sanchez-no-dura-minuto-moncloa-si-adelanta-elecciones-201812042205_noticia.html\" target=\"_blank\">Santiago Abascal: \u00abS\u00e1nchez no dura ni un minuto en La Moncloa si adelanta las elecciones\u00bb<\/a><\/p>\n","protected":false},"excerpt":{"rendered":"<p>Santiago Abascal acaba de volver de una agotadora campa\u00f1a en Andaluc\u00eda, pero no se le nota el cansancio. Recibe a ABC en el piso de la sede de Vox en el centro de Madrid. Hay una bandera de Espa\u00f1a en el balc\u00f3n, pero ning\u00fan signo de identificaci\u00f3n. Los muebles son [&hellip;]<\/p>\n","protected":false},"author":2,"featured_media":70179,"comment_status":"open","ping_status":"closed","sticky":false,"template":"","format":"standard","meta":{"footnotes":""},"categories":[6],"tags":[],"class_list":["post-70178","post","type-post","status-publish","format-standard","has-post-thumbnail","hentry","category-spanish"],"_links":{"self":[{"href":"https:\/\/theworldwidejournal.com\/index.php?rest_route=\/wp\/v2\/posts\/70178","targetHints":{"allow":["GET"]}}],"collection":[{"href":"https:\/\/theworldwidejournal.com\/index.php?rest_route=\/wp\/v2\/posts"}],"about":[{"href":"https:\/\/theworldwidejournal.com\/index.php?rest_route=\/wp\/v2\/types\/post"}],"author":[{"embeddable":true,"href":"https:\/\/theworldwidejournal.com\/index.php?rest_route=\/wp\/v2\/users\/2"}],"replies":[{"embeddable":true,"href":"https:\/\/theworldwidejournal.com\/index.php?rest_route=%2Fwp%2Fv2%2Fcomments&post=70178"}],"version-history":[{"count":0,"href":"https:\/\/theworldwidejournal.com\/index.php?rest_route=\/wp\/v2\/posts\/70178\/revisions"}],"wp:featuredmedia":[{"embeddable":true,"href":"https:\/\/theworldwidejournal.com\/index.php?rest_route=\/wp\/v2\/media\/70179"}],"wp:attachment":[{"href":"https:\/\/theworldwidejournal.com\/index.php?rest_route=%2Fwp%2Fv2%2Fmedia&parent=70178"}],"wp:term":[{"taxonomy":"category","embeddable":true,"href":"https:\/\/theworldwidejournal.com\/index.php?rest_route=%2Fwp%2Fv2%2Fcategories&post=70178"},{"taxonomy":"post_tag","embeddable":true,"href":"https:\/\/theworldwidejournal.com\/index.php?rest_route=%2Fwp%2Fv2%2Ftags&post=70178"}],"curies":[{"name":"wp","href":"https:\/\/api.w.org\/{rel}","templated":true}]}}