{"id":70180,"date":"1970-01-01T01:00:00","date_gmt":"1970-01-01T00:00:00","guid":{"rendered":"https:\/\/theworldwidejournal.com\/1970\/01\/01\/errejon-cuestiona-la-llamada-de-iglesias-contra-vox-no-podemos-contribuir-a-romper-mas-las-cosas\/"},"modified":"1970-01-01T01:00:00","modified_gmt":"1970-01-01T00:00:00","slug":"errejon-cuestiona-la-llamada-de-iglesias-contra-vox-no-podemos-contribuir-a-romper-mas-las-cosas","status":"publish","type":"post","link":"https:\/\/theworldwidejournal.com\/?p=70180","title":{"rendered":"Errej\u00f3n cuestiona la llamada de Iglesias contra Vox: \u00abNo podemos contribuir a romper m\u00e1s las cosas\u00bb"},"content":{"rendered":"<p>El candidato a la Comunidad de Madrid de Podemos, \u00cd\u00f1igo Errej\u00f3n, ha cuestionado la estrategia de confrontaci\u00f3n que la direcci\u00f3n nacional de su partido ha marcado contra Vox desde que el domingo obtuvo 12 esca\u00f1os en el Parlamento andaluz. Errej\u00f3n ha sugerido, durante un desayuno informativo de Vanity Fair este mi\u00e9rcoles, m\u00e1s \u00abhumildad\u00bb y \u00abautocr\u00edtica\u00bb, un mensaje qu vuelve a hacer visible el cisma interno que existe en la formaci\u00f3n. \u00abCuando se obtienen unos malos resultados hay que aplicar una receta que tiene que ver con la humildad y autocr\u00edtica, y no culpar a los demas\u00bb, ha explicado Errej\u00f3n, respecto a la llamada a la movilizaci\u00f3n social que el secretario general de su partido, Pablo Iglesias, clam\u00f3 tras el batacazo de Adelante Andaluc\u00eda. En relaci\u00f3n con las manifestaciones alentadas por los l\u00edderes de Podemos, Errej\u00f3n ha explicado que \u00abla gente tiene derecho a votar lo que quiera\u00bb y que lo importante es \u00ablevantar un proyecto que una\u00bb porque \u00abdonde las cosas se han roto no debemos contruibuir a que se rompan m\u00e1s\u00bb sino general calma y confianza. Y ha insistido: \u00abQuienes hacen apolog\u00eda del miedo se alimentan de la divisi\u00f3n, nosotros tenemos que unir\u00bb. En este contexto, el diputado cree que a la extrema derecha se le frena dando seguridad, derechos y un buen proyecto de vida. \u00abTenemos que ver cu\u00e1nta gente se ha quedado en casa, muchos no han encontrado un referente en las andaluzas y yo trabajar\u00e9 para que eso no ocurra en la Comunidad\u00bb, ha advertido. \u00abNo hay 400.000 andaluces facistas, hay que ver qu\u00e9 pasa y enfrentarnos a las cosas\u00bb, ha aseverado. Adem\u00e1s, considera que Vox \u00abes un s\u00edntoma, pero no es el mal\u00bb, y por ello, no tiene \u00abnada que decir\u00bb por lo que vote la gente. Una buena parte del electorado andaluz, ha narrado, vot\u00f3 en clave de alternacia de Gobierno y no niega que eso pueda tener repercusiones a nivel nacional. Seg\u00fan el diputado, ahora toca \u00abanalizar\u00bb por qu\u00e9 la gente conf\u00eda en \u00abpol\u00edticas que quieren hacernos retroceder\u00bb en derechos sociales. Aprobar los Presupuestos El resultado de los comicios andaluces apunta a un posible mandato a tres del Partido Popular, Ciudadanos y Vox, y ante este escenario Errej\u00f3n insiste en que lo que hay que enfrentar es el \u00abcaldo de cultivo\u00bb donde puede \u00abanidar el miedo y la inseguridad\u00bb. \u00abNecesitamos los presupuestos para equilibrar la balanza y hacer pol\u00edtica para quien mas lo necesita\u00bb, ha explicado el candidato morado a la Comunidad de Madrid, que ha afirmado que luchar\u00e1 para el odio no cale en Espa\u00f1a y que su discurso tambi\u00e9n se dirigir\u00e1 a los votantes que se han ido a Vox.<br \/>\nVia: <a href=\"https:\/\/www.abc.es\/espana\/abci-errejon-cuestiona-llamada-podemos-contra-no-podemos-contribuir-romper-mas-cosas-201812051240_noticia.html\" target=\"_blank\">Errej\u00f3n cuestiona la llamada de Iglesias contra Vox: \u00abNo podemos contribuir a romper m\u00e1s las cosas\u00bb<\/a><\/p>\n","protected":false},"excerpt":{"rendered":"<p>El candidato a la Comunidad de Madrid de Podemos, \u00cd\u00f1igo Errej\u00f3n, ha cuestionado la estrategia de confrontaci\u00f3n que la direcci\u00f3n nacional de su partido ha marcado contra Vox desde que el domingo obtuvo 12 esca\u00f1os en el Parlamento andaluz. Errej\u00f3n ha sugerido, durante un desayuno informativo de Vanity Fair este [&hellip;]<\/p>\n","protected":false},"author":2,"featured_media":70181,"comment_status":"open","ping_status":"closed","sticky":false,"template":"","format":"standard","meta":{"footnotes":""},"categories":[6],"tags":[],"class_list":["post-70180","post","type-post","status-publish","format-standard","has-post-thumbnail","hentry","category-spanish"],"_links":{"self":[{"href":"https:\/\/theworldwidejournal.com\/index.php?rest_route=\/wp\/v2\/posts\/70180","targetHints":{"allow":["GET"]}}],"collection":[{"href":"https:\/\/theworldwidejournal.com\/index.php?rest_route=\/wp\/v2\/posts"}],"about":[{"href":"https:\/\/theworldwidejournal.com\/index.php?rest_route=\/wp\/v2\/types\/post"}],"author":[{"embeddable":true,"href":"https:\/\/theworldwidejournal.com\/index.php?rest_route=\/wp\/v2\/users\/2"}],"replies":[{"embeddable":true,"href":"https:\/\/theworldwidejournal.com\/index.php?rest_route=%2Fwp%2Fv2%2Fcomments&post=70180"}],"version-history":[{"count":0,"href":"https:\/\/theworldwidejournal.com\/index.php?rest_route=\/wp\/v2\/posts\/70180\/revisions"}],"wp:featuredmedia":[{"embeddable":true,"href":"https:\/\/theworldwidejournal.com\/index.php?rest_route=\/wp\/v2\/media\/70181"}],"wp:attachment":[{"href":"https:\/\/theworldwidejournal.com\/index.php?rest_route=%2Fwp%2Fv2%2Fmedia&parent=70180"}],"wp:term":[{"taxonomy":"category","embeddable":true,"href":"https:\/\/theworldwidejournal.com\/index.php?rest_route=%2Fwp%2Fv2%2Fcategories&post=70180"},{"taxonomy":"post_tag","embeddable":true,"href":"https:\/\/theworldwidejournal.com\/index.php?rest_route=%2Fwp%2Fv2%2Ftags&post=70180"}],"curies":[{"name":"wp","href":"https:\/\/api.w.org\/{rel}","templated":true}]}}