{"id":70252,"date":"1970-01-01T01:00:00","date_gmt":"1970-01-01T00:00:00","guid":{"rendered":"https:\/\/theworldwidejournal.com\/1970\/01\/01\/brutal-agresion-en-grupo-a-un-joven-por-defender-la-unidad-de-espana-en-vitoria\/"},"modified":"1970-01-01T01:00:00","modified_gmt":"1970-01-01T00:00:00","slug":"brutal-agresion-en-grupo-a-un-joven-por-defender-la-unidad-de-espana-en-vitoria","status":"publish","type":"post","link":"https:\/\/theworldwidejournal.com\/?p=70252","title":{"rendered":"Brutal agresi\u00f3n en grupo a un joven por defender la unidad de Espa\u00f1a en Vitoria"},"content":{"rendered":"<p>Un joven de 19 a\u00f1os fue v\u00edctima el pasado viernes de una \u00abbrutal agresi\u00f3n\u00bb en el campus de la Universidad del Pa\u00eds Vasco (UPV\/EHU) de Vitoria por defender la unidad de Espa\u00f1a. Los agresores, un grupo de 15 encapuchados, abordaron a su objetivo y comenzaron a propinarle patadas y pu\u00f1etazos. El estudiante requiri\u00f3 ser hospitalizado para operarse de la nariz y un p\u00f3mulo. La Ertzaintza investiga ahora el suceso, que ha sido condenado por la UPV en un comunicado en el que condena \u00abcon absoluta firmeza\u00bb la \u00abbrutal agresi\u00f3n\u00bb sufrida por el estudiante de la Facultad de Letras, al que transmite su \u00abapoyo y solidaridad\u00bb. El ataque tuvo lugar tras una reuni\u00f3n de una plataforma por la defensa de la unidad de Espa\u00f1a, que el pasado viernes celebr\u00f3 una reuni\u00f3n en la capital alavesa en la que participaron varios estudiantes. Al concluir el encuentro, la v\u00edctima se separ\u00f3 del grupo y se dirigi\u00f3 a una parada de autob\u00fas con dos compa\u00f1eras. En ese momento, un individuo se acerc\u00f3 a \u00e9l y le pregunt\u00f3 si hab\u00eda tomado parte en el evento. Pese a que la v\u00edctima dijo en un primer momento que no, el agresor le peg\u00f3 un pu\u00f1etazo. Fue entonces cuando surgi\u00f3 una quincena de j\u00f3venes que comenzaron a golpearle y a darle patadas al grito de \u00abespa\u00f1ol de mierda\u00bb. La v\u00edctima sufri\u00f3 graves da\u00f1os en varias partes del cuerpo, de forma que fue trasladado a un centro hospitalario. Finalmente requiri\u00f3 asistencia quir\u00fargica tanto en la nariz como en un p\u00f3mulo.<br \/>\nVia: <a href=\"https:\/\/www.abc.es\/espana\/pais-vasco\/abci-brutal-agresion-grupo-joven-defender-unidad-espana-vitoria-201812051119_noticia.html\" target=\"_blank\">Brutal agresi\u00f3n en grupo a un joven por defender la unidad de Espa\u00f1a en Vitoria<\/a><\/p>\n","protected":false},"excerpt":{"rendered":"<p>Un joven de 19 a\u00f1os fue v\u00edctima el pasado viernes de una \u00abbrutal agresi\u00f3n\u00bb en el campus de la Universidad del Pa\u00eds Vasco (UPV\/EHU) de Vitoria por defender la unidad de Espa\u00f1a. Los agresores, un grupo de 15 encapuchados, abordaron a su objetivo y comenzaron a propinarle patadas y pu\u00f1etazos. [&hellip;]<\/p>\n","protected":false},"author":2,"featured_media":70253,"comment_status":"open","ping_status":"closed","sticky":false,"template":"","format":"standard","meta":{"footnotes":""},"categories":[6],"tags":[],"class_list":["post-70252","post","type-post","status-publish","format-standard","has-post-thumbnail","hentry","category-spanish"],"_links":{"self":[{"href":"https:\/\/theworldwidejournal.com\/index.php?rest_route=\/wp\/v2\/posts\/70252","targetHints":{"allow":["GET"]}}],"collection":[{"href":"https:\/\/theworldwidejournal.com\/index.php?rest_route=\/wp\/v2\/posts"}],"about":[{"href":"https:\/\/theworldwidejournal.com\/index.php?rest_route=\/wp\/v2\/types\/post"}],"author":[{"embeddable":true,"href":"https:\/\/theworldwidejournal.com\/index.php?rest_route=\/wp\/v2\/users\/2"}],"replies":[{"embeddable":true,"href":"https:\/\/theworldwidejournal.com\/index.php?rest_route=%2Fwp%2Fv2%2Fcomments&post=70252"}],"version-history":[{"count":0,"href":"https:\/\/theworldwidejournal.com\/index.php?rest_route=\/wp\/v2\/posts\/70252\/revisions"}],"wp:featuredmedia":[{"embeddable":true,"href":"https:\/\/theworldwidejournal.com\/index.php?rest_route=\/wp\/v2\/media\/70253"}],"wp:attachment":[{"href":"https:\/\/theworldwidejournal.com\/index.php?rest_route=%2Fwp%2Fv2%2Fmedia&parent=70252"}],"wp:term":[{"taxonomy":"category","embeddable":true,"href":"https:\/\/theworldwidejournal.com\/index.php?rest_route=%2Fwp%2Fv2%2Fcategories&post=70252"},{"taxonomy":"post_tag","embeddable":true,"href":"https:\/\/theworldwidejournal.com\/index.php?rest_route=%2Fwp%2Fv2%2Ftags&post=70252"}],"curies":[{"name":"wp","href":"https:\/\/api.w.org\/{rel}","templated":true}]}}