{"id":70508,"date":"1970-01-01T01:00:00","date_gmt":"1970-01-01T00:00:00","guid":{"rendered":"https:\/\/theworldwidejournal.com\/1970\/01\/01\/el-poder-judicial-senala-a-la-generalitat-por-la-desproteccion-de-los-jueces-en-cataluna\/"},"modified":"1970-01-01T01:00:00","modified_gmt":"1970-01-01T00:00:00","slug":"el-poder-judicial-senala-a-la-generalitat-por-la-desproteccion-de-los-jueces-en-cataluna","status":"publish","type":"post","link":"https:\/\/theworldwidejournal.com\/?p=70508","title":{"rendered":"El Poder Judicial se\u00f1ala a la Generalitat por la desprotecci\u00f3n de los jueces en Catalu\u00f1a"},"content":{"rendered":"<p>Los jueces se sienten desprotegidos en Catalu\u00f1a y lamentan la dejaci\u00f3n de funciones de la Generalitat de Quim Torra. El Poder Judicial ha elevado este viernes el tono, ha condenado los recientes ataques de los CDR a diversas sedes judiciales y ha denunciado la falta de medidas eficaces para protegerles por parte de la Consejer\u00eda de Interior, presidida por Miquel Buch. En un comunicado, la comisi\u00f3n permanente del Consejo General del Poder Judicial (CGPJ), el \u00f3rgano de gobierno de los jueces, expresa su preocupaci\u00f3n por el clima hostil que sufren los jueces destinados en Catalu\u00f1a y vuelve a reclamar al Ministro del Interior y al consejero catalan de Interior \u00abun plan integral de protecci\u00f3n\u00bb, un sistema que garantice la seguridad de los magistrados y de sus familias. El documento ha sido aprobado por unanimidad. No es la primera vez que el Poder Judicial solicita esta protecci\u00f3n. Por eso mismo \u2013por la necesidad de insistir\u2013 el \u00f3rgano de gobierno de los jueces recela de la actuaci\u00f3n de la Consejer\u00eda catalana de Interior, a quien le corresponden las competencias para garantizar la seguridad de los jueces que trabajan en Catalu\u00f1a y para investigar los ataques, recuerda la comisi\u00f3n permanente del CGPJ. \u00abEl \u00faltimo episodio acaecido durante esta semana nos permite afirmar que no se percibe que se est\u00e9n adoptando las medidas exigibles para proporcionar la garant\u00eda de seguridade integridad (&#8230;), como tampoco se percibe efectividad alguna en la investigaci\u00f3n y persecuci\u00f3n de muchos de los actos a que nos hemos referido\u00bb, asegura el comunicado sobre los ataques contra los juzgados . El \u00faltimo episodio tuvo lugar el pasado lunes, cuando las sedes de numerosos juzgados \u2013los de Gerona, Sabadell, Tortosa, Manresa o Vilanova, entre otros\u2013 amanecieron embadurnados con excrementos y basuras en sus entradas. Los actos fueron reivindicados por los autodenominados Comit\u00e8s de Defensa de la Rep\u00fablica (CDR), la facci\u00f3n m\u00e1s radical del independentismo catal\u00e1n, protagonista de numerosos ataques y a quien pidi\u00f3 \u00abapretar\u00bb el presidente de la Generalitat, Quim Torra. El \u00abpresident\u00bb ha solicitado de hecho depurar a los Mossos d&#8217;Esquadra que cargaron contra los CDR. El Poder Judicial tambi\u00e9n solicita que la Fiscal\u00eda General del Estado investigue estos actos de hostigamiento y le pide que supervise las investigaciones que llevan a cabo las fuerzas policiales, en alusi\u00f3n a los Mossos, \u00abpara asegurar su suficiencia y correcci\u00f3n y descartar que se puedan producir omisiones que den lugar a la exigencia de responsabilidades\u00bb. Es decir, para evitar que miren para otro lado. El comunicado de la comisi\u00f3n permanente se remite, adem\u00e1s al presidente del Tribunal Superior de Justicia de Catalu\u00f1a para que se ponga en conocimiento de todos los jueces y magistrados que prestan sus servicios en Catalu\u00f1a. Tambi\u00e9n se remite al presidente de la Junta de Seguridad de Catalu\u00f1a y a los respectivos presidentes de las Juntas de Seguridad Provinciales.<br \/>\nVia: <a href=\"https:\/\/www.abc.es\/espana\/abci-poder-judicial-denuncia-falta-proteccion-parte-generalitat-201812071850_noticia.html\" target=\"_blank\">El Poder Judicial se\u00f1ala a la Generalitat por la desprotecci\u00f3n de los jueces en Catalu\u00f1a<\/a><\/p>\n","protected":false},"excerpt":{"rendered":"<p>Los jueces se sienten desprotegidos en Catalu\u00f1a y lamentan la dejaci\u00f3n de funciones de la Generalitat de Quim Torra. El Poder Judicial ha elevado este viernes el tono, ha condenado los recientes ataques de los CDR a diversas sedes judiciales y ha denunciado la falta de medidas eficaces para protegerles [&hellip;]<\/p>\n","protected":false},"author":2,"featured_media":70509,"comment_status":"open","ping_status":"closed","sticky":false,"template":"","format":"standard","meta":{"footnotes":""},"categories":[6],"tags":[],"class_list":["post-70508","post","type-post","status-publish","format-standard","has-post-thumbnail","hentry","category-spanish"],"_links":{"self":[{"href":"https:\/\/theworldwidejournal.com\/index.php?rest_route=\/wp\/v2\/posts\/70508","targetHints":{"allow":["GET"]}}],"collection":[{"href":"https:\/\/theworldwidejournal.com\/index.php?rest_route=\/wp\/v2\/posts"}],"about":[{"href":"https:\/\/theworldwidejournal.com\/index.php?rest_route=\/wp\/v2\/types\/post"}],"author":[{"embeddable":true,"href":"https:\/\/theworldwidejournal.com\/index.php?rest_route=\/wp\/v2\/users\/2"}],"replies":[{"embeddable":true,"href":"https:\/\/theworldwidejournal.com\/index.php?rest_route=%2Fwp%2Fv2%2Fcomments&post=70508"}],"version-history":[{"count":0,"href":"https:\/\/theworldwidejournal.com\/index.php?rest_route=\/wp\/v2\/posts\/70508\/revisions"}],"wp:featuredmedia":[{"embeddable":true,"href":"https:\/\/theworldwidejournal.com\/index.php?rest_route=\/wp\/v2\/media\/70509"}],"wp:attachment":[{"href":"https:\/\/theworldwidejournal.com\/index.php?rest_route=%2Fwp%2Fv2%2Fmedia&parent=70508"}],"wp:term":[{"taxonomy":"category","embeddable":true,"href":"https:\/\/theworldwidejournal.com\/index.php?rest_route=%2Fwp%2Fv2%2Fcategories&post=70508"},{"taxonomy":"post_tag","embeddable":true,"href":"https:\/\/theworldwidejournal.com\/index.php?rest_route=%2Fwp%2Fv2%2Ftags&post=70508"}],"curies":[{"name":"wp","href":"https:\/\/api.w.org\/{rel}","templated":true}]}}