{"id":70510,"date":"1970-01-01T01:00:00","date_gmt":"1970-01-01T00:00:00","guid":{"rendered":"https:\/\/theworldwidejournal.com\/1970\/01\/01\/los-mossos-se-plantan-ante-torra-en-medio-de-la-polemica-por-las-cargas-contra-los-cdr\/"},"modified":"1970-01-01T01:00:00","modified_gmt":"1970-01-01T00:00:00","slug":"los-mossos-se-plantan-ante-torra-en-medio-de-la-polemica-por-las-cargas-contra-los-cdr","status":"publish","type":"post","link":"https:\/\/theworldwidejournal.com\/?p=70510","title":{"rendered":"Los Mossos se plantan ante Torra en medio de la pol\u00e9mica por las cargas contra los CDR"},"content":{"rendered":"<p>Las cargas policiales hechas ayer por los Mossos d&#8217;Esquadra en Gerona y Tarrasa (Barcelona) con el fin de controlar las manifestaciones supuestamente \u00abantifascistas\u00bb organizadas por los Comit\u00e9s de Defensa de la Rep\u00fablica con motivo del 40 aniversario de la Constituci\u00f3n han abierto una grave crisis en el gobierno catal\u00e1n. Una diputada de la CUP result\u00f3 herida por la polic\u00eda auton\u00f3mica y Quim Torra ha acabado dobleg\u00e1ndose a las quejas de los antisistema dando cuatro d\u00edas a su consejero de Interior para que depure responsabilidades en el cuerpo. Torra ha hecho esta grave advertencia a la c\u00fapula de los Mossos desde Eslovenia, donde se encuentra de viaje oficial. A su vez, el consejero responsable de los agentes catalanes, Miquel Buch, ha entomado la petici\u00f3n del president afirmando que no le \u00abtemblar\u00e1 el pulso\u00bb a la hora de buscar culpables por los hechos acontecidos en las las cargas de ayer -en las que varios mossos y manifestantes acabaron heridos-. Sin embargo, las palabras de Torra y Buch han disgustado profundamente a los agentes catalanes, que se sienten desautorizados y en medio de una pol\u00e9mica m\u00e1s pol\u00edtica que de seguridad ciudadana. En un comunicado, Sap-Fepol &#8211; el sindicato mayoritario en la polic\u00eda catalana- ha expresado su hartazgo por el cuestionamiento de cada una de las actuaciones de los mossos. Asimismo, ha pedido la despolitizaci\u00f3n del cuerpo, ha calificado de inadmisibles las presiones para reformar la c\u00fapula de Interior y ha solicitado la dimisi\u00f3n del consejero. La crisis entre el Govern y su polic\u00eda puede ir a mayor el pr\u00f3ximo 12 de diciembre, fecha en la que hay convocada una huelga de funcionarios en Catalu\u00f1a. \u00bfEl motivo? Que los agentes estudian sumarse a la misma -aunque no pueden pues los polic\u00edas no tienen derecho a huelga- a trav\u00e9s de una \u00abola de bajas\u00bb que supone un aut\u00e9ntico choque con la c\u00fapula de interior. Esta huelga encubierta se est\u00e1 gestando a trav\u00e9s de los \u00abchats\u00bb no oficiales de los polic\u00edas. En ellos, los agentes piden a los agentes que no acudana su lugar de trabajo el d\u00eda de paro alegando motivos m\u00e9dicos para denunciar as\u00ed la falta de efectivos, as\u00ed como la sobrecarga de trabajo que padecen. Esto ha sucedido en Terrassa.Una turba de indepes fan\u00e1ticos ha arrastrado a una mujer mayor, que qued\u00f3 atrapada debajo de un contenedor.Los vecinos graban el suceso desde los balcones, en estado de p\u00e1nico.Aterrados.Cuando los @mossos act\u00faan, los vecinos aplauden. pic.twitter.com\/5oE1m03Aul&mdash; Ram\u00f3n Mateos \ud83c\uddea\ud83c\uddf8\ud83e\udd1d\ud83c\uddea\ud83c\uddfa (@RamonMateos30) 7 de diciembre de 2018 Por su parte, desde el departamento de Interior siguen entonando el \u00abmea culpa\u00bb por las cargas para tratar de satisfacer las quejas de la CUP, algo que irrita a parte de los agentes y que ha despertado las cr\u00edticas de la oposici\u00f3n en boca de dirigentes de Ciudadanos, el PP y el PSC. \u00abHay im\u00e1genes que no gustan ni a la sociedad, ni al cuerpo, ni a m\u00ed mismo, ni al presidente, ni al Govern\u00bb, ha admitido este viernes Buch en una de las varias entrevistas concedidas a medios catalanes para tratar de explicar el alcance de la crisis. Sin embargo, el consejero ha se\u00f1alado que era necesaria la intervenci\u00f3n policial para evitar que grupos de manifestantes antag\u00f3nicos se enfrentaran. No en vano, en el caso de Gerona los activistas \u00abantifascistas\u00bb -muchos de los cuales ataviados con banderas \u00abesteladas\u00bb y el rostro cubierto- pretend\u00edan boicotear una concentraci\u00f3n autorizada convocada por varios grupos constitucionalistas y en la que tambi\u00e9n estaba prevista la intervenci\u00f3n de algunos dirigentes de Vox. El presidente de la Generalitat, Quim Torra,durante la reuni\u00f3n con el presidente de Eslovenia Borut Pahor &#8211; GENERALITAT DE CATALU\u00d1A Buch ha admitido que en las cargas de los Mossos d&#8217;Esquadra \u00abhay im\u00e1genes que no se acaban de ajustar a los principios que corresponden a una \u00abpolic\u00eda democr\u00e1tica\u00bb. Las declaraciones del consejero y el \u00abultim\u00e1tum\u00bb de Torra ha dado alas a las exigencias de la CUP, que siempre ha sido profundamente cr\u00edtica con las actuaciones de los Mossos, y, especialmente, de su divisi\u00f3n antidisturbios. Los anticapitalistas han citado a los medios de comunicaci\u00f3n este mediod\u00eda para pedir la dimisi\u00f3n inmediata de Buch y la reforma profunda del cuerpo de Mossos. A su vez, Quim Torra, desde Eslovenia, tambi\u00e9n ha pedido comparecer para tratar de calmar la situaci\u00f3n desde la distancia, no obstante, los \u00faltimos acontecimientos no han hecho m\u00e1s que enrarecen, a\u00fan m\u00e1s, las ya maltrechas relaciones dentro del bloque independentista. \u00abPreocupaci\u00f3n\u00bb en ERC Los nervios generadas por las vistosas cargas hechas por los Mossos d&#8217;Esquadra han llegado tambi\u00e9n a ERC. Fuentes del partido republicano, que forma parte de la coalici\u00f3n de gobierno que sostiene a Torra, han asegurado que hay \u00abmolestia y preocupaci\u00f3n\u00bb en sus filas a ra\u00edz de la actuaci\u00f3n de los agentes comandados por el neoconvergente Buch. \u00abQueremos que el consejero tome las decisiones oportunas y haga los cambios necesarios para que no vuelva a ocurrir\u00bb, han agregado desde el partido. No en vano, los republicanos han pedido una reuni\u00f3n con la c\u00fapula de interior, asimismo, una delegaci\u00f3n de diputados del grupo de Oriol Junqueras visit\u00f3 a la diputada de la CUP herida en las cargas policiales.<br \/>\nVia: <a href=\"https:\/\/www.abc.es\/espana\/catalunya\/politica\/abci-crisis-gobierno-quim-torra-cargas-mossos-contra-201812071046_noticia.html\" target=\"_blank\">Los Mossos se plantan ante Torra en medio de la pol\u00e9mica por las cargas contra los CDR<\/a><\/p>\n","protected":false},"excerpt":{"rendered":"<p>Las cargas policiales hechas ayer por los Mossos d&#8217;Esquadra en Gerona y Tarrasa (Barcelona) con el fin de controlar las manifestaciones supuestamente \u00abantifascistas\u00bb organizadas por los Comit\u00e9s de Defensa de la Rep\u00fablica con motivo del 40 aniversario de la Constituci\u00f3n han abierto una grave crisis en el gobierno catal\u00e1n. Una [&hellip;]<\/p>\n","protected":false},"author":2,"featured_media":70511,"comment_status":"open","ping_status":"closed","sticky":false,"template":"","format":"standard","meta":{"footnotes":""},"categories":[6],"tags":[],"class_list":["post-70510","post","type-post","status-publish","format-standard","has-post-thumbnail","hentry","category-spanish"],"_links":{"self":[{"href":"https:\/\/theworldwidejournal.com\/index.php?rest_route=\/wp\/v2\/posts\/70510","targetHints":{"allow":["GET"]}}],"collection":[{"href":"https:\/\/theworldwidejournal.com\/index.php?rest_route=\/wp\/v2\/posts"}],"about":[{"href":"https:\/\/theworldwidejournal.com\/index.php?rest_route=\/wp\/v2\/types\/post"}],"author":[{"embeddable":true,"href":"https:\/\/theworldwidejournal.com\/index.php?rest_route=\/wp\/v2\/users\/2"}],"replies":[{"embeddable":true,"href":"https:\/\/theworldwidejournal.com\/index.php?rest_route=%2Fwp%2Fv2%2Fcomments&post=70510"}],"version-history":[{"count":0,"href":"https:\/\/theworldwidejournal.com\/index.php?rest_route=\/wp\/v2\/posts\/70510\/revisions"}],"wp:featuredmedia":[{"embeddable":true,"href":"https:\/\/theworldwidejournal.com\/index.php?rest_route=\/wp\/v2\/media\/70511"}],"wp:attachment":[{"href":"https:\/\/theworldwidejournal.com\/index.php?rest_route=%2Fwp%2Fv2%2Fmedia&parent=70510"}],"wp:term":[{"taxonomy":"category","embeddable":true,"href":"https:\/\/theworldwidejournal.com\/index.php?rest_route=%2Fwp%2Fv2%2Fcategories&post=70510"},{"taxonomy":"post_tag","embeddable":true,"href":"https:\/\/theworldwidejournal.com\/index.php?rest_route=%2Fwp%2Fv2%2Ftags&post=70510"}],"curies":[{"name":"wp","href":"https:\/\/api.w.org\/{rel}","templated":true}]}}