{"id":70514,"date":"1970-01-01T01:00:00","date_gmt":"1970-01-01T00:00:00","guid":{"rendered":"https:\/\/theworldwidejournal.com\/1970\/01\/01\/video-los-brutales-disturbios-de-los-chalecos-amarillos-en-el-centro-de-paris\/"},"modified":"1970-01-01T01:00:00","modified_gmt":"1970-01-01T00:00:00","slug":"video-los-brutales-disturbios-de-los-chalecos-amarillos-en-el-centro-de-paris","status":"publish","type":"post","link":"https:\/\/theworldwidejournal.com\/?p=70514","title":{"rendered":"V\u00cdDEO | Los brutales disturbios de los \u00abchalecos amarillos\u00bb en el centro de Par\u00eds"},"content":{"rendered":"<p>El primer comentario que ha escuchado una anciana parisina este viernes por la ma\u00f1ana, cuando compraba en una tienda cercana al Arco del Triunfo, ha sido: \u00abEste s\u00e1bado no salga de casa, se\u00f1ora\u00bb. En la capital de Francia, sobre todo en la zona donde el pasado s\u00e1bado los disturbios de los chalecos amarillos m\u00e1s violentos causaron estragos, todos temen que ma\u00f1ana se produzca un estallido de ira a\u00fan peor. La Avenue Kl\u00e9ber, que fue uno de los escenarios de la batalla campal, ha amanecido con operarios encargados de cubrir con tablones de madera escaparates y ventanas. Las sucursales de los bancos, con los cajeros reventados, todav\u00eda guardan las huellas de las protestas, que se ensa\u00f1aron particularmente con ellas. En la de Societ\u00e9 G\u00e9n\u00e9ral, por ejemplo, no se puede entrar. El encargado de seguridad, que hace una pausa para fumarse un cigarrillo, explica que, por dentro, todo est\u00e1 destrozado. \u00abEste s\u00e1bado va a estar caliente\u00bb, advierte. Bassel, taxista de Par\u00eds, muestra en su tel\u00e9fono varios v\u00eddeos de los disturbios del pasado s\u00e1bado en Par\u00eds. \u00abLos que rompen las cosas no son los chalecos amarillos. Muchos son padres de familia, madres. Son m\u00e1s bien j\u00f3venes de extrema izquierda o derecha los que hacen esas cosas\u00bb, puntualiza. Tambi\u00e9n explica que, si los manifestantes acuden al Arco del Triunfo, es para atacar \u00abel Par\u00eds rico\u00bb: \u00abNo van a ir a distritos pobres donde no hay nada, como el 18\u00bb. Lo cierto es que no se puede negar un componente de clase en las protestas que sacuden Francia estos d\u00edas. Como bien apunta Bassel, las manifestaciones de los chalecos amarillos, al menos su centro neur\u00e1lgico, se ha situado en el distrito XVI, uno de los m\u00e1s lujosos de Par\u00eds. Los miembros del movimiento son en su mayor\u00eda personas de clase media agobiadas por las cargas impositivas, ahogadas sobre todo por la congelaci\u00f3n de los salarios, que no suben. Tambi\u00e9n hay un componente geogr\u00e1fico, que inevitablemente va unido al poder adquisitivo de los manifestantes: muchos provienen de las zonas periuirbanas y de la provincia francesa, donde el uso del autom\u00f3vil es imprescindible para llegar Par\u00eds o zonas con servicios p\u00fablicos. En ese sentido, hace d\u00edas, el dem\u00f3grafo Herv\u00e9 Le Bras explic\u00f3 que la franja caliente de la revuelta se situa en la llamada &#8220;diagonal del vac\u00edo&#8221;, un especio geogr\u00e1fico que atraviesa Francia y donde la densidad de poblaci\u00f3n es de las m\u00e1s bajas del pa\u00eds. En esos lugares, que el Estado parece haber olvidado a la hora de construir infraestructuras que faciliten su comunicaci\u00f3n, el coche es de uso frecuente, y la subida del precio del combustible se percibe como un castigo injusto y doblemente doloroso. Tampoco se puede olvidar que la revuelta de los chalecos amarillos ha adquirido un claro componente antisistema, o al menos un pulso de cr\u00edtica radical contra el poder econ\u00f3mico -y de ah\u00ed el ensa\u00f1amiento particularmente violento con las sucursales bancarias- y contra las \u00e9lites -Macron es percibido como un &#8220;hombre de negocios&#8221; o un &#8220;presidente de los ricos&#8221;, como han repetido a ABC, estos d\u00edas, varios ciudadanos de Par\u00eds-. Ideol\u00f3gicamente, el movimiento es diverso y no est\u00e1 definido, a pesar de que tanto la extrema derecha como la extrema izquierda luchan por apropiarse de \u00e9l. En consonancia con esa idea, dos de los portavoces de los chalecos amarillos, Priscillie Ludosky y \u00c9ric Drouet, provienen de Seine-et-Marne, un departamento de la regi\u00f3n de \u00cele-de-France, donde se ubica Par\u00eds. Ambos, en definitiva, viven en localidades alejadas alrededor de una hora de la ciudad, donde muchas personas que trabajan en la capital van a vivir para evitar sus precios prohibitivos. A la espera de la nueva protesta de ma\u00f1ana, Par\u00eds se blinda esta noche. Pronto sabremos hasta d\u00f3nde llega la rabia de los chalecos amarillos.<br \/>\nVia: <a href=\"https:\/\/www.abc.es\/internacional\/abci-video-brutales-disturbios-chalecos-amarillos-centro-paris-201812071821_video.html\" target=\"_blank\">V\u00cdDEO | Los brutales disturbios de los \u00abchalecos amarillos\u00bb en el centro de Par\u00eds<\/a><\/p>\n","protected":false},"excerpt":{"rendered":"<p>El primer comentario que ha escuchado una anciana parisina este viernes por la ma\u00f1ana, cuando compraba en una tienda cercana al Arco del Triunfo, ha sido: \u00abEste s\u00e1bado no salga de casa, se\u00f1ora\u00bb. En la capital de Francia, sobre todo en la zona donde el pasado s\u00e1bado los disturbios de [&hellip;]<\/p>\n","protected":false},"author":2,"featured_media":0,"comment_status":"open","ping_status":"closed","sticky":false,"template":"","format":"standard","meta":{"footnotes":""},"categories":[6],"tags":[],"class_list":["post-70514","post","type-post","status-publish","format-standard","hentry","category-spanish"],"_links":{"self":[{"href":"https:\/\/theworldwidejournal.com\/index.php?rest_route=\/wp\/v2\/posts\/70514","targetHints":{"allow":["GET"]}}],"collection":[{"href":"https:\/\/theworldwidejournal.com\/index.php?rest_route=\/wp\/v2\/posts"}],"about":[{"href":"https:\/\/theworldwidejournal.com\/index.php?rest_route=\/wp\/v2\/types\/post"}],"author":[{"embeddable":true,"href":"https:\/\/theworldwidejournal.com\/index.php?rest_route=\/wp\/v2\/users\/2"}],"replies":[{"embeddable":true,"href":"https:\/\/theworldwidejournal.com\/index.php?rest_route=%2Fwp%2Fv2%2Fcomments&post=70514"}],"version-history":[{"count":0,"href":"https:\/\/theworldwidejournal.com\/index.php?rest_route=\/wp\/v2\/posts\/70514\/revisions"}],"wp:attachment":[{"href":"https:\/\/theworldwidejournal.com\/index.php?rest_route=%2Fwp%2Fv2%2Fmedia&parent=70514"}],"wp:term":[{"taxonomy":"category","embeddable":true,"href":"https:\/\/theworldwidejournal.com\/index.php?rest_route=%2Fwp%2Fv2%2Fcategories&post=70514"},{"taxonomy":"post_tag","embeddable":true,"href":"https:\/\/theworldwidejournal.com\/index.php?rest_route=%2Fwp%2Fv2%2Ftags&post=70514"}],"curies":[{"name":"wp","href":"https:\/\/api.w.org\/{rel}","templated":true}]}}