{"id":70575,"date":"1970-01-01T01:00:00","date_gmt":"1970-01-01T00:00:00","guid":{"rendered":"https:\/\/theworldwidejournal.com\/1970\/01\/01\/tension-en-francia-mas-de-700-detenidos-en-las-protestas-de-los-chalecos-amarillos\/"},"modified":"1970-01-01T01:00:00","modified_gmt":"1970-01-01T00:00:00","slug":"tension-en-francia-mas-de-700-detenidos-en-las-protestas-de-los-chalecos-amarillos","status":"publish","type":"post","link":"https:\/\/theworldwidejournal.com\/?p=70575","title":{"rendered":"Tensi\u00f3n en Francia: m\u00e1s de 700 detenidos en las protestas de los chalecos amarillos"},"content":{"rendered":"<p>Las fuerzas de seguridad del Estado han detenido en Francia a m\u00e1s de 500 chalecos amarillos de las tendencias radicales, de extrema derecha, extrema izquierda y barrios perif\u00e9ricos, intentando evitar una batalla campal en varios barrios emblem\u00e1ticos de Par\u00eds. En el resto de Francia se han multiplicado los cortes y bloqueo de carreteras y autopistas, sin incidentes llamativos, durante las primeras hora de la jornada de movilizaciones del s\u00e1bado. En total, en todo el pa\u00eds se han producido m\u00e1s de 700 arrestos. En Par\u00eds, por el contrario, el Ministerio del Interior ha respondido al riesgo de tensi\u00f3n con los chalecos amarillos de muy diversa tendencia con un despliegue \u00abdisuasivo\u00bb muy espectacular. El Arco del Triunfo, profanado la semana pasada, est\u00e1 \u00abprotegido\u00bb con medio centenar de coches blindados y un despliegue impresionante de fuerzas anti disturbios. En los Campos El\u00edseos y un centenar de calles adyacentes, chalecos amarillos y fuerzas del orden comenzaron sus primeros enfrentamientos poco despu\u00e9s de las diez de la ma\u00f1ana, temi\u00e9ndose una agravaci\u00f3n de la crisis a lo largo del d\u00eda. Seg\u00fan las fuentes oficiales, el ministerio del Interior est\u00e1 \u00abpreparado\u00bb para realizar entre 500 y 1.000 detenciones expeditivas. Grupos muy diversos Tras tres semanas de crisis, los chalecos amarillos se han convertido en una franquicia que utilizan grupos muy diversos, que solo tienen en com\u00fan su rechazo frontal de la pol\u00edtica de Emmanuel Macron. Hay chalecos amarillos \u00ablibres\u00bb, moderados, que denuncian la radicalizaci\u00f3n; de provincias, tranquilos, que protestan con calma y paciencia cortando carreteras y autopistas; j\u00f3venes que est\u00e1n hartos de tanta protesta sin respuesta ni soluci\u00f3n; de clases medias que temen la precariedad; de ultra derecha violenta que piden una \u00abrevoluci\u00f3n nacional\u00bb; de extrema izquierda que quieren la \u00abextensi\u00f3n de la lucha\u00bb y de la banlieue \/ suburbios, que se han tirado a la calle para \u00abprotestar\u00bb en el r\u00edo revuelto de la crisis, el incendio de coches y las llamas de los escaparates. Tambi\u00e9n los hay de otras sensibilidades, todav\u00eda\u2026 ya que, tras tres semanas de crisis, los chalecos amarillos se ha transformado en una franquicia que cada cual utiliza a su manera. Emmanuel Macron ha decidido no hablar hasta la semana que viene, a la luz o las llamas de un fin de semana que se presenta como inquietante. Inquietud que confiere una luz espectral a todos los barrios donde se espera que estallen batallas campales, comenzando por los Campos El\u00edseos, donde las pintadas, en ingl\u00e9s, anuncian una \u00absublevaci\u00f3n\u00bb contra Emmanuel Macron.<br \/>\nVia: <a href=\"https:\/\/www.abc.es\/internacional\/abci-menos-278-arrestos-paris-para-impedir-actos-violentos-protestas-201812080927_noticia.html\" target=\"_blank\">Tensi\u00f3n en Francia: m\u00e1s de 700 detenidos en las protestas de los chalecos amarillos<\/a><\/p>\n","protected":false},"excerpt":{"rendered":"<p>Las fuerzas de seguridad del Estado han detenido en Francia a m\u00e1s de 500 chalecos amarillos de las tendencias radicales, de extrema derecha, extrema izquierda y barrios perif\u00e9ricos, intentando evitar una batalla campal en varios barrios emblem\u00e1ticos de Par\u00eds. En el resto de Francia se han multiplicado los cortes y [&hellip;]<\/p>\n","protected":false},"author":2,"featured_media":70576,"comment_status":"open","ping_status":"closed","sticky":false,"template":"","format":"standard","meta":{"footnotes":""},"categories":[6],"tags":[],"class_list":["post-70575","post","type-post","status-publish","format-standard","has-post-thumbnail","hentry","category-spanish"],"_links":{"self":[{"href":"https:\/\/theworldwidejournal.com\/index.php?rest_route=\/wp\/v2\/posts\/70575","targetHints":{"allow":["GET"]}}],"collection":[{"href":"https:\/\/theworldwidejournal.com\/index.php?rest_route=\/wp\/v2\/posts"}],"about":[{"href":"https:\/\/theworldwidejournal.com\/index.php?rest_route=\/wp\/v2\/types\/post"}],"author":[{"embeddable":true,"href":"https:\/\/theworldwidejournal.com\/index.php?rest_route=\/wp\/v2\/users\/2"}],"replies":[{"embeddable":true,"href":"https:\/\/theworldwidejournal.com\/index.php?rest_route=%2Fwp%2Fv2%2Fcomments&post=70575"}],"version-history":[{"count":0,"href":"https:\/\/theworldwidejournal.com\/index.php?rest_route=\/wp\/v2\/posts\/70575\/revisions"}],"wp:featuredmedia":[{"embeddable":true,"href":"https:\/\/theworldwidejournal.com\/index.php?rest_route=\/wp\/v2\/media\/70576"}],"wp:attachment":[{"href":"https:\/\/theworldwidejournal.com\/index.php?rest_route=%2Fwp%2Fv2%2Fmedia&parent=70575"}],"wp:term":[{"taxonomy":"category","embeddable":true,"href":"https:\/\/theworldwidejournal.com\/index.php?rest_route=%2Fwp%2Fv2%2Fcategories&post=70575"},{"taxonomy":"post_tag","embeddable":true,"href":"https:\/\/theworldwidejournal.com\/index.php?rest_route=%2Fwp%2Fv2%2Ftags&post=70575"}],"curies":[{"name":"wp","href":"https:\/\/api.w.org\/{rel}","templated":true}]}}