{"id":70577,"date":"1970-01-01T01:00:00","date_gmt":"1970-01-01T00:00:00","guid":{"rendered":"https:\/\/theworldwidejournal.com\/1970\/01\/01\/un-chaleco-amarillo-en-la-manifestacion-de-paris-si-macron-no-reacciona-habra-contagio-a-otros-paises\/"},"modified":"1970-01-01T01:00:00","modified_gmt":"1970-01-01T00:00:00","slug":"un-chaleco-amarillo-en-la-manifestacion-de-paris-si-macron-no-reacciona-habra-contagio-a-otros-paises","status":"publish","type":"post","link":"https:\/\/theworldwidejournal.com\/?p=70577","title":{"rendered":"Un chaleco amarillo, en la manifestaci\u00f3n de Par\u00eds: \u00abSi Macron no reacciona, habr\u00e1 contagio a otros pa\u00edses\u00bb"},"content":{"rendered":"<p>Par\u00eds ha amanecido con un d\u00eda fr\u00edo y despejado y con un reguero de chalecos amarillos congregados en las avenidas adyacentes a la plaza del Arco del Triunfo, donde la Polic\u00eda antidisturbios les lleva haciendo frente desde primera hora de la ma\u00f1ana. Hay decoraci\u00f3n de todo tipo, pero ninguna casual, en la indumentaria de los manifestantes: desde banderas de Francia, algunas con la trilog\u00eda republicana de \u00abLiberta, Igualdad y Fraternidad\u00bb, a mensajes de tono obsceno contra Macron (\u00abMacron, no somos tus putas\u00bb), e incluso peticiones por el abandono de la UE, como en caso de un anciano que hab\u00eda escrito \u00abFrexit\u00bb en su chaleco. \u00abLo siento, no quiero hablar con la prensa. Nos sentimos traicionados\u00bb, ha respondido su propietario a ABC, aunque con amabilidad. Otros manifestantes, m\u00e1s modernos, se han presentado con botas altas fosforescentes o incluso con monos de trabajo de amarillo chill\u00f3n. Sin embargo, el uso de gases lacrim\u00f3genos por parte de las fuerzas del orden evidencia que la calma tensa puede saltar en mil pedazos en cualquier momento. A eso de las 9 de la ma\u00f1ana, los medios franceses informaban de que la polic\u00eda ha realizado un gran n\u00famero de detenciones, por entonces 300. Ahora, cerca de la una de la tarde, ya van unas 500. El objetivo es evitar que los radicales, como los del pasado s\u00e1bado, vuelvan a arrasar las calles de Par\u00eds, dejando un reguero de coches quemados y edificios y tiendas reventadas. En ese sentido, y desde muy temprano, en todos los accesos a la plaza del Arco del Triunfo hay polic\u00eda encargada de realizar controles, abriendo las mochilas de los asistentes a la manifestaci\u00f3n y registrando su contenido. Tampoco es extra\u00f1o ver a antidisturbios atravesar las avenidas alrededor del monumento. Hay chalecos amarillos que no tienen ganas de hablar con la prensa. Uno de ellos, a la altura de la avenida V\u00edctor Hugo, con dos acompa\u00f1antes a su lado, ha empleado palabras insultantes y dicho que odia a los medios de comunicaci\u00f3n, tras ser preguntado por ABC. Su rastro se ha perdido entre la multitud que se congrega en los Campos El\u00edseos, donde se escuchan gritos y abucheos y, de vez en cuando, un ruido seco y duro, como un golpe repentino, probablemente ligado al disparo de gas lacrim\u00f3geno. Aunque la altura de la avenida Morceau, una mujer, miembro del movimiento, se ha quitado su chaleco amarillo y ha confesado que \u00abtiene miedo\u00bb, otros se atreven a permanecer en las calles, y se muestran mucho m\u00e1s amables con los medios de comunicaci\u00f3n. \u00abHoy, esperamos que el presidente de la Rep\u00fablica asuma sus responsabilidades. Manifestamos nuestra desesperaci\u00f3n y nuestra miseria, y lo escucha a medias. Debe tomar una decisi\u00f3n y afrontar lo que sucede, y tener un gesto firme. Hoy en d\u00eda hay una crisis social. Si no tiene en consideraci\u00f3n las reivindicaciones del pueblo, todo esto va a terminar en una crisis pol\u00edtica, y eso va a ser muy malo. Si no hace nada, hay un riesgo de contagio para los otros pa\u00edses de Europa, como Espa\u00f1a, Italia o Grecia. Si hay golpes o heridos esta noche, \u00e9l ser\u00e1 el primer responsable\u00bb, explica Kamel, un parisino de 48 a\u00f1os que pertenece al movimiento de los chalecos amarillos. \u00abLo que me impresiona es que nunca, en mi vida, he visto un presidente de la Rep\u00fablica que no tome la palabra sobre los acontecimientos que se produjeron la semana pasada. Es inadmisible. No hubo ninguna reacci\u00f3n. No estoy nada satisfecha con sus pol\u00edticas. Quiero que se marche\u00bb, a\u00f1ade Daniella, de 43 a\u00f1os y tambi\u00e9n vecina de Par\u00eds y participante en la movilizaci\u00f3n. En los alrededores de la plaza del Arco del Triunfo, se ve de todo. Un seminarista cat\u00f3lico, por ejemplo, sostiene un cuadro de la Virgen y pide que las protestas transcurran de manera pac\u00edfica. Cerca, un chaleco amarillo le escucha y graba sus palabras con su m\u00f3vil. Todo el mundo teme que, como ocurri\u00f3 la semana pasada, las escenas de violencia se repitan hoy. Hay varios focos de protesta. Muchos de los manifestantes, por ejemplo, tambi\u00e9n se congregan entre el Arco del Triunfo y Porte Maillot, donde lo que se escucha son sirenas de la Polic\u00eda, y se ven furgonetas de los antidisturbios.<br \/>\nVia: <a href=\"https:\/\/www.abc.es\/internacional\/abci-multitud-chalecos-amarillos-manifiesta-campos-eliseos-tensa-calma-201812081047_noticia.html\" target=\"_blank\">Un chaleco amarillo, en la manifestaci\u00f3n de Par\u00eds: \u00abSi Macron no reacciona, habr\u00e1 contagio a otros pa\u00edses\u00bb<\/a><\/p>\n","protected":false},"excerpt":{"rendered":"<p>Par\u00eds ha amanecido con un d\u00eda fr\u00edo y despejado y con un reguero de chalecos amarillos congregados en las avenidas adyacentes a la plaza del Arco del Triunfo, donde la Polic\u00eda antidisturbios les lleva haciendo frente desde primera hora de la ma\u00f1ana. Hay decoraci\u00f3n de todo tipo, pero ninguna casual, [&hellip;]<\/p>\n","protected":false},"author":2,"featured_media":70578,"comment_status":"open","ping_status":"closed","sticky":false,"template":"","format":"standard","meta":{"footnotes":""},"categories":[6],"tags":[],"class_list":["post-70577","post","type-post","status-publish","format-standard","has-post-thumbnail","hentry","category-spanish"],"_links":{"self":[{"href":"https:\/\/theworldwidejournal.com\/index.php?rest_route=\/wp\/v2\/posts\/70577","targetHints":{"allow":["GET"]}}],"collection":[{"href":"https:\/\/theworldwidejournal.com\/index.php?rest_route=\/wp\/v2\/posts"}],"about":[{"href":"https:\/\/theworldwidejournal.com\/index.php?rest_route=\/wp\/v2\/types\/post"}],"author":[{"embeddable":true,"href":"https:\/\/theworldwidejournal.com\/index.php?rest_route=\/wp\/v2\/users\/2"}],"replies":[{"embeddable":true,"href":"https:\/\/theworldwidejournal.com\/index.php?rest_route=%2Fwp%2Fv2%2Fcomments&post=70577"}],"version-history":[{"count":0,"href":"https:\/\/theworldwidejournal.com\/index.php?rest_route=\/wp\/v2\/posts\/70577\/revisions"}],"wp:featuredmedia":[{"embeddable":true,"href":"https:\/\/theworldwidejournal.com\/index.php?rest_route=\/wp\/v2\/media\/70578"}],"wp:attachment":[{"href":"https:\/\/theworldwidejournal.com\/index.php?rest_route=%2Fwp%2Fv2%2Fmedia&parent=70577"}],"wp:term":[{"taxonomy":"category","embeddable":true,"href":"https:\/\/theworldwidejournal.com\/index.php?rest_route=%2Fwp%2Fv2%2Fcategories&post=70577"},{"taxonomy":"post_tag","embeddable":true,"href":"https:\/\/theworldwidejournal.com\/index.php?rest_route=%2Fwp%2Fv2%2Ftags&post=70577"}],"curies":[{"name":"wp","href":"https:\/\/api.w.org\/{rel}","templated":true}]}}