{"id":70579,"date":"1970-01-01T01:00:00","date_gmt":"1970-01-01T00:00:00","guid":{"rendered":"https:\/\/theworldwidejournal.com\/1970\/01\/01\/los-cdr-cortan-la-ap-7-en-tarragona-y-se-producen-algunos-enfrentamientos-con-conductores-afectados\/"},"modified":"1970-01-01T01:00:00","modified_gmt":"1970-01-01T00:00:00","slug":"los-cdr-cortan-la-ap-7-en-tarragona-y-se-producen-algunos-enfrentamientos-con-conductores-afectados","status":"publish","type":"post","link":"https:\/\/theworldwidejournal.com\/?p=70579","title":{"rendered":"Los CDR cortan la AP-7 en Tarragona y se producen algunos enfrentamientos con conductores afectados"},"content":{"rendered":"<p>Los autodenominados Comit\u00e9s de Defensa de la Rep\u00fablica (CDR) han cortado, a primera hora de la ma\u00f1ana de hoy, la autopista AP-7 a la altura de la Ampolla (Tarragona) exigiendo la implementaci\u00f3n de la rep\u00fablica y la dimisi\u00f3n del consejero de Interior, Miquel Buch. Seg\u00fan ha informado el Servicio Catal\u00e1n de Tr\u00e1fico (SCT), la autopista est\u00e1 cortada en ambos sentidos y los Mossos d&#8217;Esquadra est\u00e1n realizando desv\u00edos hacia la N-340 para el tr\u00e1fico rodado. Despr\u00e9s de les c\u00e0rregues a #Girona i #Terrassa els @mossos no fan cap paper. Tamb\u00e9 han decidit no gestionar les urg\u00e8ncies. Estan esperant a que els conductors s&#039;encarin a nosaltres mantenint-se al marge. #BuchDimissi\u00f3 #AP7 #FronteraSud pic.twitter.com\/YTwjcowhSn&mdash; CDR Cambrils #ElPoderDelPoble (@cdr_cambrils) 8 de diciembre de 2018 En algunos momentos de la ma\u00f1ana se han producido enfrentamientos verbales entre el centenar de miembros del CDR de Cambrils (que convocan y protagonizan la acci\u00f3n) y conductores afectados por el corte de la v\u00eda r\u00e1pida, que est\u00e1 cortada desde las 7.00 horas aproximadamente. Los CDR han utilizado neum\u00e1ticos, piedras, troncos, ramas y elementos de seguridad de la AP-7 para cortar la v\u00eda. Bajo el lema: \u00abEl pueblo manda, el Govern obedece\u00bb, exigen la dimisi\u00f3n de Buch por las cargas contra los CDR de Gerona y Tarrasa (Barcelona) del jueves pasado y que la Generalitat implemente la rep\u00fablica declarada el 27 de octubre de 2017.<br \/>\nVia: <a href=\"https:\/\/www.abc.es\/espana\/catalunya\/politica\/abci-cortan-ap-7-tarragona-y-producen-algunos-enfretamientos-conductores-afectados-201812081047_noticia.html\" target=\"_blank\">Los CDR cortan la AP-7 en Tarragona y se producen algunos enfrentamientos con conductores afectados<\/a><\/p>\n","protected":false},"excerpt":{"rendered":"<p>Los autodenominados Comit\u00e9s de Defensa de la Rep\u00fablica (CDR) han cortado, a primera hora de la ma\u00f1ana de hoy, la autopista AP-7 a la altura de la Ampolla (Tarragona) exigiendo la implementaci\u00f3n de la rep\u00fablica y la dimisi\u00f3n del consejero de Interior, Miquel Buch. Seg\u00fan ha informado el Servicio Catal\u00e1n [&hellip;]<\/p>\n","protected":false},"author":2,"featured_media":70580,"comment_status":"open","ping_status":"closed","sticky":false,"template":"","format":"standard","meta":{"footnotes":""},"categories":[6],"tags":[],"class_list":["post-70579","post","type-post","status-publish","format-standard","has-post-thumbnail","hentry","category-spanish"],"_links":{"self":[{"href":"https:\/\/theworldwidejournal.com\/index.php?rest_route=\/wp\/v2\/posts\/70579","targetHints":{"allow":["GET"]}}],"collection":[{"href":"https:\/\/theworldwidejournal.com\/index.php?rest_route=\/wp\/v2\/posts"}],"about":[{"href":"https:\/\/theworldwidejournal.com\/index.php?rest_route=\/wp\/v2\/types\/post"}],"author":[{"embeddable":true,"href":"https:\/\/theworldwidejournal.com\/index.php?rest_route=\/wp\/v2\/users\/2"}],"replies":[{"embeddable":true,"href":"https:\/\/theworldwidejournal.com\/index.php?rest_route=%2Fwp%2Fv2%2Fcomments&post=70579"}],"version-history":[{"count":0,"href":"https:\/\/theworldwidejournal.com\/index.php?rest_route=\/wp\/v2\/posts\/70579\/revisions"}],"wp:featuredmedia":[{"embeddable":true,"href":"https:\/\/theworldwidejournal.com\/index.php?rest_route=\/wp\/v2\/media\/70580"}],"wp:attachment":[{"href":"https:\/\/theworldwidejournal.com\/index.php?rest_route=%2Fwp%2Fv2%2Fmedia&parent=70579"}],"wp:term":[{"taxonomy":"category","embeddable":true,"href":"https:\/\/theworldwidejournal.com\/index.php?rest_route=%2Fwp%2Fv2%2Fcategories&post=70579"},{"taxonomy":"post_tag","embeddable":true,"href":"https:\/\/theworldwidejournal.com\/index.php?rest_route=%2Fwp%2Fv2%2Ftags&post=70579"}],"curies":[{"name":"wp","href":"https:\/\/api.w.org\/{rel}","templated":true}]}}