{"id":70648,"date":"1970-01-01T01:00:00","date_gmt":"1970-01-01T00:00:00","guid":{"rendered":"https:\/\/theworldwidejournal.com\/1970\/01\/01\/infierno-en-las-calles-de-paris-comercios-bancos-y-coches-pagan-la-ira-de-los-casseurs\/"},"modified":"1970-01-01T01:00:00","modified_gmt":"1970-01-01T00:00:00","slug":"infierno-en-las-calles-de-paris-comercios-bancos-y-coches-pagan-la-ira-de-los-casseurs","status":"publish","type":"post","link":"https:\/\/theworldwidejournal.com\/?p=70648","title":{"rendered":"Infierno en las calles de Par\u00eds: comercios, bancos y coches pagan la ira de los \u00abcasseurs\u00bb"},"content":{"rendered":"<p>Al menos 71 heridos y alrededor de 1.000 detenidos es el balance provisional que ha dejado la manifestaci\u00f3n de los chalecos amarillos de este s\u00e1bado en Par\u00eds. A pesar de que la protesta ha transcurrido de manera tranquila por la ma\u00f1ana, los \u00abcasseurs\u00bb o radicales han desatado su violencia desde primera hora de la tarde, cuando han quemado coches, como en la rue Euler, pr\u00f3xima a los Campos El\u00edseos, o destrozado sucursales bancarias y cajeros, y construido varias barricadas. En el bulevar Haussmann y la avenida de Friedland, cercanas al Arco del Triunfo, las huellas de los disturbios saltaban a la vista: pintadas de todo tipo -\u00abEl planeta arde, \u00bfcu\u00e1ndo el El\u00edseo?&#8221;, \u00abMacron dimisi\u00f3n\u00bb, \u00abMacron en prisi\u00f3n\u00bb, \u00abCRS [antidisturbios] traidores\u00bb, \u00abNo necesitamos ya a la Rep\u00fablica\u00bb- y tiendas destrozadas, con los cristales reventados, se suced\u00edan una tras otra. El silencio imperaba en las calles, pr\u00e1cticamente vac\u00edas. Los chalecos amarillos, que hoy no han podido llegar a la plaza del Arco del Triunfo, tomada por furgones policiales y blindados para evitar que el monumento volviera a sufrir desperfectos, se han congregado en la plaza de la Rep\u00fablica, en el noreste de Par\u00eds. All\u00ed han atacado varios comercios -\u00ablo han roto todo\u00bb, han explicado unas j\u00f3venes a ABC- y hecho pintadas en la estatua que la preside, donde tambi\u00e9n han colgado esta pancarta: \u00abTodo arde ya\u00bb. Muy cerca, en rue Turbigo, los radicales detenidos eran vigilados por la Polic\u00eda, que los ha situado junto a una pared, con las manos atadas. Uno de ellos ha logrado salir corriendo, lo que ha provocado que varios agentes y patrullas le siguieran a toda velocidad. Sobre las diez de la noche, la situaci\u00f3n se hab\u00eda estabilizado en los Campos El\u00edseos, otro de n\u00facleos de las protestas, pero los disturbios causados por los radicales han sido terribles: en la tienda de Orange, la compa\u00f1\u00eda telef\u00f3nica, las vitrinas han saltado en mil pedazos. Los postes con los que algunos establecimientos se protegieron ayer han sido retirados, y tirados al suelo. Antes, a eso de las seis de la tarde, los manifestantes segu\u00edan congregados all\u00ed. El olor del gas lacrim\u00f3geno se percib\u00eda en cuanto se entraba a la avenida a la altura del restaurante \u00abFouquet&#8217;s\u00bb. En las calles aleda\u00f1as, los chalecos amarillos jugaban al rat\u00f3n y al gato con los antidisturbios, corriendo s\u00fabitamente cuando hab\u00eda un conato de carga. Par\u00eds ten\u00eda hoy un aspecto extra\u00f1o, triste. En rue de Rivoli, una de las m\u00e1s transitadas de la ciudad, y v\u00edctima de los disturbios de la semana pasada, m uchos comercios estaban cerrados, con sus escaparates cubiertos por tablones de madera, y apenas hab\u00eda luz. En un supermercado pr\u00f3ximo al Museo del Louvre, el encargado de seguridad ha explicado a ABC que, hace una semana, la ira de los manifestantes se ensa\u00f1\u00f3 particularmente con la zona, donde destrozaron locales de todo tipo y restaurantes. Hasta la plaza de Ch\u00e2telet, resultaba casi imposible encontrar algo de bullicio o tiendas abiertas, pero, incluso all\u00ed, grupos de antidisturbios irrump\u00edan en la calle. Cerca, en el bulevar S\u00e9bastopol, las furgonetas de la Polic\u00eda se dirig\u00edan a toda velocidad a la plaza de la Rep\u00fablica. Coches quemados en la rue Euler, cerca de los Campos El\u00edseos &#8211; Silvia Nieto Operativo policial eficiente Sin embargo, el impresionante operativo policial desplegado hoy en Par\u00eds ha evitado que la situaci\u00f3n se descontrolase tanto como el s\u00e1bado pasado, cuando los radicales camparon a sus anchas por buena parte de la ciudad. Como inform\u00f3 el primer ministro, \u00c9douard Philippe, la semana pasada, al menos 8.000 polic\u00edas se han encargado de contener la furia de los manifestantes, que en Par\u00eds han sido unos 10.000. El operativo, a pesar de los incidentes en las zonas aleda\u00f1as a los Campos El\u00edseos o en la plaza de la Rep\u00fablica, ha sido un \u00e9xito. A ello ha contribuido que desde primera hora de la ma\u00f1ana se hayan llevado a cabo detenciones de los chalecos amarillos m\u00e1s violentos, y tambi\u00e9n los controles minuciosos que las fuerzas del orden han realizado. Hoy, en la zona occidental de Par\u00eds, resultaba imposible avanzar sin toparse con agentes encargados de registrar las mochilas de los transe\u00fantes. El resultado de las protestas ha dado al traste con el ambiente tranquilo que ten\u00eda esta ma\u00f1ana la manifestaci\u00f3n. En los alrededores del Arco del Triunfo, los chalecos amarillos se congregaban, y aunque se percib\u00eda cierta tensi\u00f3n, muchos celebraban la ausencia de actos violentos. Varios miembros de la movilizaci\u00f3n han explicado a este peri\u00f3dico qu\u00e9 les empuja a las calles, haciendo hincapi\u00e9 en los bajos salarios, los altos impuestos y el desprecio con el que se sienten tratados por parte del presidente Macron. En la avenida V\u00edctor Hugo, Camel, un chaleco amarillo de 48 a\u00f1os, ha hecho un pron\u00f3stico sombr\u00edo: \u00abHay una crisis social. Si Macron no tiene en consideraci\u00f3n las reivindicaciones del pueblo, todo esto va a terminar en una crisis pol\u00edtica. Si no hace nada, hay un riesgo de contagio a otros pa\u00edses de Europa, como Espa\u00f1a, Italia o Grecia. Si hay golpes o heridos esta noche, \u00e9l ser\u00e1 el primer responsable\u00bb.<br \/>\nVia: <a href=\"https:\/\/www.abc.es\/internacional\/abci-chalecos-amarillos-infierno-calles-paris-comercios-bancos-y-coches-pagan-casseurs-201812082035_noticia.html\" target=\"_blank\">Infierno en las calles de Par\u00eds: comercios, bancos y coches pagan la ira de los \u00abcasseurs\u00bb<\/a><\/p>\n","protected":false},"excerpt":{"rendered":"<p>Al menos 71 heridos y alrededor de 1.000 detenidos es el balance provisional que ha dejado la manifestaci\u00f3n de los chalecos amarillos de este s\u00e1bado en Par\u00eds. A pesar de que la protesta ha transcurrido de manera tranquila por la ma\u00f1ana, los \u00abcasseurs\u00bb o radicales han desatado su violencia desde [&hellip;]<\/p>\n","protected":false},"author":2,"featured_media":70649,"comment_status":"open","ping_status":"closed","sticky":false,"template":"","format":"standard","meta":{"footnotes":""},"categories":[6],"tags":[],"class_list":["post-70648","post","type-post","status-publish","format-standard","has-post-thumbnail","hentry","category-spanish"],"_links":{"self":[{"href":"https:\/\/theworldwidejournal.com\/index.php?rest_route=\/wp\/v2\/posts\/70648","targetHints":{"allow":["GET"]}}],"collection":[{"href":"https:\/\/theworldwidejournal.com\/index.php?rest_route=\/wp\/v2\/posts"}],"about":[{"href":"https:\/\/theworldwidejournal.com\/index.php?rest_route=\/wp\/v2\/types\/post"}],"author":[{"embeddable":true,"href":"https:\/\/theworldwidejournal.com\/index.php?rest_route=\/wp\/v2\/users\/2"}],"replies":[{"embeddable":true,"href":"https:\/\/theworldwidejournal.com\/index.php?rest_route=%2Fwp%2Fv2%2Fcomments&post=70648"}],"version-history":[{"count":0,"href":"https:\/\/theworldwidejournal.com\/index.php?rest_route=\/wp\/v2\/posts\/70648\/revisions"}],"wp:featuredmedia":[{"embeddable":true,"href":"https:\/\/theworldwidejournal.com\/index.php?rest_route=\/wp\/v2\/media\/70649"}],"wp:attachment":[{"href":"https:\/\/theworldwidejournal.com\/index.php?rest_route=%2Fwp%2Fv2%2Fmedia&parent=70648"}],"wp:term":[{"taxonomy":"category","embeddable":true,"href":"https:\/\/theworldwidejournal.com\/index.php?rest_route=%2Fwp%2Fv2%2Fcategories&post=70648"},{"taxonomy":"post_tag","embeddable":true,"href":"https:\/\/theworldwidejournal.com\/index.php?rest_route=%2Fwp%2Fv2%2Ftags&post=70648"}],"curies":[{"name":"wp","href":"https:\/\/api.w.org\/{rel}","templated":true}]}}