{"id":70650,"date":"1970-01-01T01:00:00","date_gmt":"1970-01-01T00:00:00","guid":{"rendered":"https:\/\/theworldwidejournal.com\/1970\/01\/01\/kramp-karrenbauer-una-veterana-politica-que-se-niega-a-ser-una-mera-copia-de-merkel\/"},"modified":"1970-01-01T01:00:00","modified_gmt":"1970-01-01T00:00:00","slug":"kramp-karrenbauer-una-veterana-politica-que-se-niega-a-ser-una-mera-copia-de-merkel","status":"publish","type":"post","link":"https:\/\/theworldwidejournal.com\/?p=70650","title":{"rendered":"Kramp-Karrenbauer, una veterana pol\u00edtica que se niega a ser una mera copia de Merkel"},"content":{"rendered":"<p>A quienes resulte especialmente dif\u00edcil la pronunciaci\u00f3n de su nombre, Annegret Kramp-Karrenbauer, pueden llamarla AKK, como se la denomina en el partido para abreviar, o Kramp-Karrenpower, como la bautiz\u00f3 este viernes el popular diario alem\u00e1n \u00abBild Zeitung\u00bb en cuanto termin\u00f3 la votaci\u00f3n en la que sali\u00f3 elegida nueva l\u00edder de la CDU. \u00abDicen que soy una \u201cmini\u201d, una copia, un simple m\u00e1s de lo mismo\u00bb, se quej\u00f3 en su discurso de los prejuicios por su relaci\u00f3n con Angela Merkel, con la que a menudo es comparada por sus mismas maneras sobrias y firmes, su estilo anal\u00edtico y capacidad para amasar consensos, \u00abpero puedo decir que estoy aqu\u00ed por m\u00ed misma\u00bb, subray\u00f3. Tambi\u00e9n record\u00f3 que es madre de tres hijos y que sabe lo complicado de trabajar al mismo tiempo. Comenz\u00f3 su carrera en la pol\u00edtica hace m\u00e1s de tres d\u00e9cadas como concejal en su pueblo natal, P\u00fcttlingen, en el suroeste de Alemania, cerca de la frontera con Francia. Desde 2010 forma parte de la Ejecutiva de la CDU e integr\u00f3 la delegaci\u00f3n cristianodem\u00f3crata que negoci\u00f3 el acuerdo para la formaci\u00f3n de una nueva coalici\u00f3n de gobierno con los socialdem\u00f3cratas. Como Merkel, es europe\u00edsta y pragm\u00e1tica. \u00abLa gente no quiere que se discuta sobre las cosas, sino que nos pongamos mano a la obra\u00bb, afirm\u00f3 ante la plenaria. A sus 56 a\u00f1os, re\u00fane gran experiencia en cargos de gobierno, elemento que sin duda ha influido a favor de su elecci\u00f3n. Presidi\u00f3 el estado federado del Sarre desde 2011 hasta febrero de 2018, cuando fue elegida secretaria general de la CDU por el 98,7% de los votos, un r\u00e9cord hist\u00f3rico desde la fundaci\u00f3n del partido. Afiliada desde los 19 a\u00f1os, su marido, ingeniero industrial, dej\u00f3 de lado su carrera profesional para ocuparse del hogar familiar cuando ella lleg\u00f3 a cargos de responsabilidad.<br \/>\nVia: <a href=\"https:\/\/www.abc.es\/internacional\/abci-kramp-karrenbauer-veterana-politica-niega-mera-copia-merkel-201812080217_noticia.html\" target=\"_blank\">Kramp-Karrenbauer, una veterana pol\u00edtica que se niega a ser una mera copia de Merkel<\/a><\/p>\n","protected":false},"excerpt":{"rendered":"<p>A quienes resulte especialmente dif\u00edcil la pronunciaci\u00f3n de su nombre, Annegret Kramp-Karrenbauer, pueden llamarla AKK, como se la denomina en el partido para abreviar, o Kramp-Karrenpower, como la bautiz\u00f3 este viernes el popular diario alem\u00e1n \u00abBild Zeitung\u00bb en cuanto termin\u00f3 la votaci\u00f3n en la que sali\u00f3 elegida nueva l\u00edder de [&hellip;]<\/p>\n","protected":false},"author":2,"featured_media":70651,"comment_status":"open","ping_status":"closed","sticky":false,"template":"","format":"standard","meta":{"footnotes":""},"categories":[6],"tags":[],"class_list":["post-70650","post","type-post","status-publish","format-standard","has-post-thumbnail","hentry","category-spanish"],"_links":{"self":[{"href":"https:\/\/theworldwidejournal.com\/index.php?rest_route=\/wp\/v2\/posts\/70650","targetHints":{"allow":["GET"]}}],"collection":[{"href":"https:\/\/theworldwidejournal.com\/index.php?rest_route=\/wp\/v2\/posts"}],"about":[{"href":"https:\/\/theworldwidejournal.com\/index.php?rest_route=\/wp\/v2\/types\/post"}],"author":[{"embeddable":true,"href":"https:\/\/theworldwidejournal.com\/index.php?rest_route=\/wp\/v2\/users\/2"}],"replies":[{"embeddable":true,"href":"https:\/\/theworldwidejournal.com\/index.php?rest_route=%2Fwp%2Fv2%2Fcomments&post=70650"}],"version-history":[{"count":0,"href":"https:\/\/theworldwidejournal.com\/index.php?rest_route=\/wp\/v2\/posts\/70650\/revisions"}],"wp:featuredmedia":[{"embeddable":true,"href":"https:\/\/theworldwidejournal.com\/index.php?rest_route=\/wp\/v2\/media\/70651"}],"wp:attachment":[{"href":"https:\/\/theworldwidejournal.com\/index.php?rest_route=%2Fwp%2Fv2%2Fmedia&parent=70650"}],"wp:term":[{"taxonomy":"category","embeddable":true,"href":"https:\/\/theworldwidejournal.com\/index.php?rest_route=%2Fwp%2Fv2%2Fcategories&post=70650"},{"taxonomy":"post_tag","embeddable":true,"href":"https:\/\/theworldwidejournal.com\/index.php?rest_route=%2Fwp%2Fv2%2Ftags&post=70650"}],"curies":[{"name":"wp","href":"https:\/\/api.w.org\/{rel}","templated":true}]}}