{"id":70855,"date":"1970-01-01T01:00:00","date_gmt":"1970-01-01T00:00:00","guid":{"rendered":"https:\/\/theworldwidejournal.com\/1970\/01\/01\/el-gobierno-reprende-a-torra-por-llamar-a-la-insurreccion-pero-no-aplicara-el-155\/"},"modified":"1970-01-01T01:00:00","modified_gmt":"1970-01-01T00:00:00","slug":"el-gobierno-reprende-a-torra-por-llamar-a-la-insurreccion-pero-no-aplicara-el-155","status":"publish","type":"post","link":"https:\/\/theworldwidejournal.com\/?p=70855","title":{"rendered":"El Gobierno reprende a Torra por \u00abllamar a la insurrecci\u00f3n\u00bb, pero no aplicar\u00e1 el 155"},"content":{"rendered":"<p>El Gobierno ha salido hoy lunes en bloque a responder al llamamiento del presidente catal\u00e1n, Quim Torra, a la \u00abv\u00eda eslovena\u00bb para avanzar hacia la independencia de Catalu\u00f1a, unas declaraciones \u00ababsolutamente rechazables\u00bb e \u00abinsensatas\u00bb. As\u00ed se ha expreasdo la portavoz del Ejecutivo, Isabel Cela\u00e1, que en una entrevista en Radio Euskadi ha firmado que \u00abni Catalu\u00f1a es Eslovenia, ni Espa\u00f1a es Serbia\u00bb. A su juicio, Torra olvida \u00abque hubo decenas de muertos y centenares de heridos\u00bb en ese conflicto y que \u00abno es \u00e9tico ni moral sacrificar una vida por una idea pol\u00edtica\u00bb. El Gobierno espera que \u00abdentro de las mismas filas independentistas lleven a correg\u00edrselo\u00bb. Cela\u00e1 ha avisado de que si hubiera \u00abuna quiebra de la legalidad, el Gobierno de Espa\u00f1a actuar\u00e1\u00bb, si bien ha descartado aplicar el art\u00edculo 155 que le exige el PP porque hasta ahora \u00absolo ha habido un discurso inflamado y una ret\u00f3rica que el propio Torra deber\u00eda desarmar para poner raz\u00f3n donde ha habido un exceso de emoci\u00f3n\u00bb. Calvo y Borrell Por su parte, la vicepresidenta del Gobierno, Carmen Calvo, ha considerado que el presidente catal\u00e1n ha alentado a una \u00abv\u00eda sangrienta\u00bb. En declaraciones a Canal Sur Televisi\u00f3n recogidas por Europa Press, Calvo ha se\u00f1alado que Torra no puede seguir creando m\u00e1s inseguridad en Catalu\u00f1a porque su actitud es la contraria a la obligaci\u00f3n que tiene como cargo p\u00fablico. Carmen Calvo ha mostrado su preocupaci\u00f3n por la actitud del presidente catal\u00e1n ante los incidentes que se han vivido en Catalu\u00f1a con los CDR, ya que no puede decir a los cuerpos de seguridad que no hagan lo que tienen que hacer. \u00abEso es lo contrario a lo que tiene que hacer un cargo p\u00fablico, que tiene que dar seguridad y tranquilidad a la convivencia y a la resoluci\u00f3n de los problemas\u00bb, ha indicado antes de lamentar que Torra \u00abno sabe ni de lejos cu\u00e1l es su posici\u00f3n estatutaria ni constitucional\u00bb. El ministro de Exteriores, Josep Borrell, tambi\u00e9n ha censurado las declaraciones del presidente catal\u00e1n, al considerar que \u00abparece que est\u00e1 llamando a la insurrecci\u00f3n\u00bb, aunque en todo caso ha descartado as\u00ed que el Gobierno vaya a aplicar el art\u00edculo 155 en respuesta, como ha pedido el PP. \u00abEs un lenguaje que parece que est\u00e9 llamando a una insurrecci\u00f3n\u00bb, ha avisado el jefe de la diplomacia espa\u00f1ola a la prensa a su llegada a la reuni\u00f3n con sus hom\u00f3logos de la UE. \u00abA todo el mundo inquieta naturalmente este tipo de planteamiento\u00bb, ha admitido Borrell, que ha censurado las declaraciones tanto de Torra como de Com\u00edn. Aunque no es \u00abla primera vez que los l\u00edderes independendistas recurren a este tipo de planteamientos\u00bb ya que en el Parlament de Catalu\u00f1a \u00abhan propuesto seguir la v\u00eda de Kosovo\u00bb y el exvicepresidente catal\u00e1n Oriol Junqueras ha apostado por \u00abseguir la v\u00eda irlandesa\u00bb, que \u00abacab\u00f3 en una guerra civil tremenda\u00bb, Borrell ha admitido que las nuevas declaraciones de Torra y Com\u00edn a favor de la v\u00eda eslovena se han hecho con \u00abcontundencia\u00bb y de forma \u00abmuy rotunda\u00bb al afirmar cosas como que estaban \u00abdispuestos a pagar el precio m\u00e1s alto que haga falta, que el final ser\u00e1 dram\u00e1tico, ni un paso atr\u00e1s\u00bb y parece que est\u00e1n \u00abllamando a una insurrecci\u00f3n\u00bb.<br \/>\nVia: <a href=\"https:\/\/www.abc.es\/espana\/abci-gobierno-reprende-torra-parece-este-llamando-insurreccion-201812101051_noticia.html\" target=\"_blank\">El Gobierno reprende a Torra por \u00abllamar a la insurrecci\u00f3n\u00bb, pero no aplicar\u00e1 el 155<\/a><\/p>\n","protected":false},"excerpt":{"rendered":"<p>El Gobierno ha salido hoy lunes en bloque a responder al llamamiento del presidente catal\u00e1n, Quim Torra, a la \u00abv\u00eda eslovena\u00bb para avanzar hacia la independencia de Catalu\u00f1a, unas declaraciones \u00ababsolutamente rechazables\u00bb e \u00abinsensatas\u00bb. As\u00ed se ha expreasdo la portavoz del Ejecutivo, Isabel Cela\u00e1, que en una entrevista en Radio [&hellip;]<\/p>\n","protected":false},"author":2,"featured_media":70856,"comment_status":"open","ping_status":"closed","sticky":false,"template":"","format":"standard","meta":{"footnotes":""},"categories":[6],"tags":[],"class_list":["post-70855","post","type-post","status-publish","format-standard","has-post-thumbnail","hentry","category-spanish"],"_links":{"self":[{"href":"https:\/\/theworldwidejournal.com\/index.php?rest_route=\/wp\/v2\/posts\/70855","targetHints":{"allow":["GET"]}}],"collection":[{"href":"https:\/\/theworldwidejournal.com\/index.php?rest_route=\/wp\/v2\/posts"}],"about":[{"href":"https:\/\/theworldwidejournal.com\/index.php?rest_route=\/wp\/v2\/types\/post"}],"author":[{"embeddable":true,"href":"https:\/\/theworldwidejournal.com\/index.php?rest_route=\/wp\/v2\/users\/2"}],"replies":[{"embeddable":true,"href":"https:\/\/theworldwidejournal.com\/index.php?rest_route=%2Fwp%2Fv2%2Fcomments&post=70855"}],"version-history":[{"count":0,"href":"https:\/\/theworldwidejournal.com\/index.php?rest_route=\/wp\/v2\/posts\/70855\/revisions"}],"wp:featuredmedia":[{"embeddable":true,"href":"https:\/\/theworldwidejournal.com\/index.php?rest_route=\/wp\/v2\/media\/70856"}],"wp:attachment":[{"href":"https:\/\/theworldwidejournal.com\/index.php?rest_route=%2Fwp%2Fv2%2Fmedia&parent=70855"}],"wp:term":[{"taxonomy":"category","embeddable":true,"href":"https:\/\/theworldwidejournal.com\/index.php?rest_route=%2Fwp%2Fv2%2Fcategories&post=70855"},{"taxonomy":"post_tag","embeddable":true,"href":"https:\/\/theworldwidejournal.com\/index.php?rest_route=%2Fwp%2Fv2%2Ftags&post=70855"}],"curies":[{"name":"wp","href":"https:\/\/api.w.org\/{rel}","templated":true}]}}