{"id":70925,"date":"1970-01-01T01:00:00","date_gmt":"1970-01-01T00:00:00","guid":{"rendered":"https:\/\/theworldwidejournal.com\/1970\/01\/01\/el-gobierno-advierte-a-la-generalitat-por-su-dejacion-de-funciones-y-anticipa-un-despliegue-policial\/"},"modified":"1970-01-01T01:00:00","modified_gmt":"1970-01-01T00:00:00","slug":"el-gobierno-advierte-a-la-generalitat-por-su-dejacion-de-funciones-y-anticipa-un-despliegue-policial","status":"publish","type":"post","link":"https:\/\/theworldwidejournal.com\/?p=70925","title":{"rendered":"El Gobierno advierte a la Generalitat por su dejaci\u00f3n de funciones y anticipa un despliegue policial"},"content":{"rendered":"<p>El Gobierno gana tiempo. Esta ma\u00f1ana la vicepresidenta del Gobierno anunciaba \u00abmedidas\u00bb para revertir la situaci\u00f3n en Catalu\u00f1a tras el fin de semana en que los Mossos no actuaron contra los grupos de los CDR despu\u00e9s de que Torra cuestionase a su polic\u00eda auton\u00f3mica. Las medidas se quedan por el momento en tres cartas a modo de \u00abrequerimientos de informaci\u00f3n\u00bb que han recibido sus destinatarios hoy. La primera es de la vicepresidenta Carmen Calvo a su hom\u00f3logo Pere Aragon\u00e8s en la que La n\u00famero dos de S\u00e1nchez traslada \u00abnuestra inquietud\u00bb porque aparentemente ha existido \u00abuna dejaci\u00f3n de funciones\u00bb con consecuencias de \u00abcar\u00e1cter econ\u00f3mico y social y para la seguridad p\u00fablica\u00bb. [Lea aqu\u00ed la carta de la vicepresidenta del Gobierno Carmen Calvo a Pere Aragon\u00e9s, vicepresidente de la Generalitat] En la misiva Calvo pide a Aragon\u00e8s que \u00abnos aclares lo sucedido\u00bb especialmente en lo relativo a los Mossos, y asume que esta carta se env\u00eda \u00absin perjuicio de otros requerimientos\u00bb. \u00abAparentemente ha existido una dejaci\u00f3n de funciones que tiene atribuidas ese gobierno, con consecuencias tanto de car\u00e1cter econ\u00f3mico y social como para la seguridad p\u00fablica\u00bb, advierte Calvo en su carta. El ministro de Interior y el ministro de Fomento han enviado tambi\u00e9n cartas a sus hom\u00f3logos. [Lea aqu\u00ed la carta del ministro Fernando Grande-Marlaska a Miquel Buch, consejero de Interior de la Generalitat] [Lea aqu\u00ed la carta del ministro Jos\u00e9 Luis \u00c1balos a Dami\u00e1 Calvet, consejero de Territorio y Sostenibilidad de la Generalitat] La carta sin duda m\u00e1s dura es la del ministro de Interior, Fernando Grande-Marlaska, env\u00eda al consejero de Interior, Miquel Buch. En primer t\u00e9rmino le plantea que los hechos del fin de semana \u00absuponen una grave perturbaci\u00f3n del orden p\u00fablico\u00bb. Marlaska requiere a Buch que informe \u00abde las medidas que se adoptaron\u00bb una vez se ha podido constatar que la polic\u00eda auton\u00f3mica \u00abno ha ejercido su funci\u00f3n de garantizar el mantenimiento del orden p\u00fablico\u00bb. Y es ah\u00ed donde Marlaska recuerda que el gobierno central tiene competencias para autorizar un despliegue policial. Lo hace al recordar que la Ley Org\u00e1nica 2\/1986 de 13 de marzo de Fuerzas y Cuerpos de Seguridad en su art\u00edculo 38.2 c) prev\u00e9 los supuestos de actuaci\u00f3n de las Fuerzas y Cuerpos de Seguridad del Estado \u00abcuando lo estimen necesario las autoridades estatales\u00bb. Marlaska solicita a Buch que dicte instrucciones a los Mossos y que en caso de no hacerlo \u00abse ordenar\u00e1 la intervenci\u00f3n de las Fuerzas y Cuerpos de Seguridad del Estado cuando proceda y en t\u00e9rminos de proporcionalidad y necesidad\u00bb. La carta del ministro \u00c1balos como titular de Fomento que se env\u00eda a Dami\u00e1 Calvet es mucho m\u00e1s escueta. Se limita a manifestar \u00abmi m\u00e1s profundo malestar por los altercados sucedidos\u00bb. Le recuerda las competencias de la Generalitat, le ofrece colaboraci\u00f3n pero advierte que todo ello no excluye \u00abque se adopten las medidas necesarias\u00bb en relaci\u00f3n a la responsabilidad patrimonial de los afectados.<br \/>\nVia: <a href=\"https:\/\/www.abc.es\/espana\/abci-gobierno-envia-tres-cartas-generalitat-aparente-dejacion-funciones-201812102048_noticia.html\" target=\"_blank\">El Gobierno advierte a la Generalitat por su dejaci\u00f3n de funciones y anticipa un despliegue policial<\/a><\/p>\n","protected":false},"excerpt":{"rendered":"<p>El Gobierno gana tiempo. Esta ma\u00f1ana la vicepresidenta del Gobierno anunciaba \u00abmedidas\u00bb para revertir la situaci\u00f3n en Catalu\u00f1a tras el fin de semana en que los Mossos no actuaron contra los grupos de los CDR despu\u00e9s de que Torra cuestionase a su polic\u00eda auton\u00f3mica. Las medidas se quedan por el [&hellip;]<\/p>\n","protected":false},"author":2,"featured_media":70926,"comment_status":"open","ping_status":"closed","sticky":false,"template":"","format":"standard","meta":{"footnotes":""},"categories":[6],"tags":[],"class_list":["post-70925","post","type-post","status-publish","format-standard","has-post-thumbnail","hentry","category-spanish"],"_links":{"self":[{"href":"https:\/\/theworldwidejournal.com\/index.php?rest_route=\/wp\/v2\/posts\/70925","targetHints":{"allow":["GET"]}}],"collection":[{"href":"https:\/\/theworldwidejournal.com\/index.php?rest_route=\/wp\/v2\/posts"}],"about":[{"href":"https:\/\/theworldwidejournal.com\/index.php?rest_route=\/wp\/v2\/types\/post"}],"author":[{"embeddable":true,"href":"https:\/\/theworldwidejournal.com\/index.php?rest_route=\/wp\/v2\/users\/2"}],"replies":[{"embeddable":true,"href":"https:\/\/theworldwidejournal.com\/index.php?rest_route=%2Fwp%2Fv2%2Fcomments&post=70925"}],"version-history":[{"count":0,"href":"https:\/\/theworldwidejournal.com\/index.php?rest_route=\/wp\/v2\/posts\/70925\/revisions"}],"wp:featuredmedia":[{"embeddable":true,"href":"https:\/\/theworldwidejournal.com\/index.php?rest_route=\/wp\/v2\/media\/70926"}],"wp:attachment":[{"href":"https:\/\/theworldwidejournal.com\/index.php?rest_route=%2Fwp%2Fv2%2Fmedia&parent=70925"}],"wp:term":[{"taxonomy":"category","embeddable":true,"href":"https:\/\/theworldwidejournal.com\/index.php?rest_route=%2Fwp%2Fv2%2Fcategories&post=70925"},{"taxonomy":"post_tag","embeddable":true,"href":"https:\/\/theworldwidejournal.com\/index.php?rest_route=%2Fwp%2Fv2%2Ftags&post=70925"}],"curies":[{"name":"wp","href":"https:\/\/api.w.org\/{rel}","templated":true}]}}