{"id":70927,"date":"1970-01-01T01:00:00","date_gmt":"1970-01-01T00:00:00","guid":{"rendered":"https:\/\/theworldwidejournal.com\/1970\/01\/01\/macron-anuncia-una-bateria-de-medidas-sociales-para-apagar-la-revuelta-de-los-chalecos-amarillos\/"},"modified":"1970-01-01T01:00:00","modified_gmt":"1970-01-01T00:00:00","slug":"macron-anuncia-una-bateria-de-medidas-sociales-para-apagar-la-revuelta-de-los-chalecos-amarillos","status":"publish","type":"post","link":"https:\/\/theworldwidejournal.com\/?p=70927","title":{"rendered":"Macron anuncia una bater\u00eda de medidas sociales para apagar la revuelta de los chalecos amarillos"},"content":{"rendered":"<p>Emmanuel Macron ha anunciado la \u00abdeclaraci\u00f3n del estado de urgencia econ\u00f3mica y social\u00bb, con medidas econ\u00f3micas y sociales destinadas a intentar apagar el incendio nacional de los chalecos amarillos con medidas simb\u00f3licas pero concretas: subida del salario m\u00ednimo, una paga extraordinaria anual, revalorizaci\u00f3n del complemento m\u00ednimo de vejez. Tras una cuarta jornada nacional de lucha de la franquicia de los chalecos amarillos (de la extrema derecha a la extrema izquierda, pasando por las clases medias que temen la precariedad), el s\u00e1bado pasado, el presidente de la Rep\u00fablica anunci\u00f3 ayer noche decisiones destinadas a salvar su amenazada presidencia, intentar apagar el incendio social y evitar que la agravaci\u00f3n de la crisis nacional de Francia se convierta en una crisis europea. Con ese fin, Emmanuel Macron comenz\u00f3 la jornada con una reuni\u00f3n excepcional, en el El\u00edseo, en la que participaron 37 de las personas m\u00e1s influyentes del Estado: doce ministros, los presidentes de la Asamblea Nacional y el Senado, el presidente del Consejo econ\u00f3mico y social, presidentes de la asociaciones de alcaldes regiones y departamentos, los m\u00e1ximos responsables de la \u00e9lite sindical (CGT, CFDT, FO, CFE-CGE, CFTC) y patronal (Medef, CPME y U2P). El presidente y su Gobierno escucharon atentamente. Horas m\u00e1s tarde, Emmanuel Macron comenz\u00f3 su discurso a la Naci\u00f3n anunciando la \u00abdeclaraci\u00f3n del estado de urgencia econ\u00f3mica y social\u00bb. Tras una proclamaci\u00f3n tan grave, Macron anunci\u00f3 medidas concretas, simb\u00f3licas, pero no excepcionales: -Subida de 100 euros del salario m\u00edn imo, que pasar\u00e1 de 1498,47 euros a 1.600 euros mensuales. Muriel P\u00e9nicaud, ministra del trabajo, hab\u00eda \u00abdescartado\u00bb tal concesi\u00f3n inmediata, considerando que \u00abno favorece el empleo\u00bb. Fue el gesto simb\u00f3lico m\u00e1s importante del discurso presidencial. -Revalorizaci\u00f3n del complemento m\u00ednimo de la vejez (de 833 euros hasta 900). Medida social esperada y poco espectacular, pero altamente simb\u00f3lica destinada a los pensionistas menos favorecidos. -Creaci\u00f3n de una prima excepcional para los asalariados que tienen los sueldos m\u00e1s bajos. Se trata de una medida \u00abvoluntaria\u00bb, que las empresas podr\u00e1n conceder si lo consideran oportuno. -Creaci\u00f3n de una prima a la movilidad. Siete de cada diez franceses van al trabajo en coche. Congelado el precio de los carburantes, se trata de intentar ayudar a los trabajadores m\u00e1s necesitados. \u00c9lisabeth Borne, ministra del Transporte, anuncia un trabajo previo de \u00abconcertaci\u00f3n\u00bb. -Aceleraci\u00f3n de la supresi\u00f3n de los impuestos municipales para las familias m\u00e1s modestas. Medida esperada, que no podr\u00e1 entrar en vigor inmediatamente. -Suprimir las cotizaciones que pesan sobre las horas extraordinarias. Pudiera tratarse de dar poder adquisitivo a trav\u00e9s del recorte o supresi\u00f3n de las cotizaciones que pesan sobre las horas extraordinarias. -Medidas de acompa\u00f1amiento y ayuda a los comerciantes que est\u00e1n sufriendo la crisis de los chalecos amarillos. La Federaci\u00f3n de comerciantes y distribuidores afirma que su sector ha perdido m\u00e1s de mil millones de euros como consecuencia de los problemas de distribuci\u00f3n y ca\u00edda de las ventas. \u00bfSer\u00e1n suficientes esas medidas para calmar la inflamable crisis de los chalecos amarillos..? A lo largo de su discurso de trece minutos, Macron insisti\u00f3 varias veces en su \u00abresponsabilidad personal\u00bb y su comprensi\u00f3n de la angustia, la c\u00f3lera y el sufrimiento de muchos francesas, matizando esa comprensi\u00f3n con un melanc\u00f3lico recuerdo: \u00abEsa c\u00f3lera no data de ahora\u2026 es el fruto de las pol\u00edticas de los \u00faltimos cuarenta a\u00f1os\u00bb. Tras las \u00bfmodestas? concesiones en el terreno del poder adquisitivo y la precariedad, el presidente de la Rep\u00fablica intent\u00f3 dar una respuesta m\u00e1s pol\u00edtica a la c\u00f3lera popular, anunciando reformas ambiciosas pero relativamente difusas, en lo inmediato. A juicio de Macron, para salir de la crisis, Francia necesita estar unida, sin miedo a un rosario de reformas de gran calado, a medio y muy largo plazo: -Seguir reformando la fiscalidad, para bajar el peso de los impuestos en la vida social. El Estado debe gastar menos y mejor. -Macron no cede a la demanda de restauraci\u00f3n del impuesto de las grandes fortunas, pero anuncia una revisi\u00f3n de la fiscalidad que pesa sobre las grandes empresas y los franceses que residen en el extranjero. -Reforma de un Estado \u00abdemasiado centralizado y burocratizado\u00bb. -Negociar un nuevo contrato nacional entre el Estado, las alcald\u00edas y las regiones. -Negociar una mejor representaci\u00f3n del di\u00e1logo social, con los sindicatos, las empresas y nuevas organizaciones sociales. Los gestos no solo simb\u00f3licos de Emmanuel Macron son una respuesta cl\u00e1sica: ante esas medidas, los sindicatos pod\u00eda aceptar, rechazar o negociar\u2026 Ausentes los sindicatos en la crisis actual, no es f\u00e1cil saber como \u00abresponder\u00e1n\u00bb a tales gestos las asambleas de las muy distintas familias que utilizan la franquicia de los chalecos amarillos. Los chalecos amarillos \u00ablibres\u00bb (hostiles a la prolongaci\u00f3n de las manifestaciones) quiz\u00e1 puedan aceptarlas, o no. Los chalecos amarillos de extrema izquierda, por el contrario, quiz\u00e1 las consideren insuficientes. No est\u00e1 claro que pueden decir los chalecos amarillos de extrema derecha. Y no est\u00e1 claro c\u00f3mo pudieran reaccionar los chalecos amarillos de clases medias amenazadas por la precariedad. Al no existir una organizaci\u00f3n global de la franquicia chalecos amarillos, con propuestas claras y concretas, las proposiciones de Emmanuel Macron quiz\u00e1 tengan que afrontar un rosario de imprevisibles a inflamables cr\u00edticas.<br \/>\nVia: <a href=\"https:\/\/www.abc.es\/internacional\/abci-macron-anuncia-bateria-medidas-sociales-para-apagar-revuelta-chalecos-amarillos-201812102010_noticia.html\" target=\"_blank\">Macron anuncia una bater\u00eda de medidas sociales para apagar la revuelta de los chalecos amarillos<\/a><\/p>\n","protected":false},"excerpt":{"rendered":"<p>Emmanuel Macron ha anunciado la \u00abdeclaraci\u00f3n del estado de urgencia econ\u00f3mica y social\u00bb, con medidas econ\u00f3micas y sociales destinadas a intentar apagar el incendio nacional de los chalecos amarillos con medidas simb\u00f3licas pero concretas: subida del salario m\u00ednimo, una paga extraordinaria anual, revalorizaci\u00f3n del complemento m\u00ednimo de vejez. Tras una [&hellip;]<\/p>\n","protected":false},"author":2,"featured_media":70928,"comment_status":"open","ping_status":"closed","sticky":false,"template":"","format":"standard","meta":{"footnotes":""},"categories":[6],"tags":[],"class_list":["post-70927","post","type-post","status-publish","format-standard","has-post-thumbnail","hentry","category-spanish"],"_links":{"self":[{"href":"https:\/\/theworldwidejournal.com\/index.php?rest_route=\/wp\/v2\/posts\/70927","targetHints":{"allow":["GET"]}}],"collection":[{"href":"https:\/\/theworldwidejournal.com\/index.php?rest_route=\/wp\/v2\/posts"}],"about":[{"href":"https:\/\/theworldwidejournal.com\/index.php?rest_route=\/wp\/v2\/types\/post"}],"author":[{"embeddable":true,"href":"https:\/\/theworldwidejournal.com\/index.php?rest_route=\/wp\/v2\/users\/2"}],"replies":[{"embeddable":true,"href":"https:\/\/theworldwidejournal.com\/index.php?rest_route=%2Fwp%2Fv2%2Fcomments&post=70927"}],"version-history":[{"count":0,"href":"https:\/\/theworldwidejournal.com\/index.php?rest_route=\/wp\/v2\/posts\/70927\/revisions"}],"wp:featuredmedia":[{"embeddable":true,"href":"https:\/\/theworldwidejournal.com\/index.php?rest_route=\/wp\/v2\/media\/70928"}],"wp:attachment":[{"href":"https:\/\/theworldwidejournal.com\/index.php?rest_route=%2Fwp%2Fv2%2Fmedia&parent=70927"}],"wp:term":[{"taxonomy":"category","embeddable":true,"href":"https:\/\/theworldwidejournal.com\/index.php?rest_route=%2Fwp%2Fv2%2Fcategories&post=70927"},{"taxonomy":"post_tag","embeddable":true,"href":"https:\/\/theworldwidejournal.com\/index.php?rest_route=%2Fwp%2Fv2%2Ftags&post=70927"}],"curies":[{"name":"wp","href":"https:\/\/api.w.org\/{rel}","templated":true}]}}