{"id":70995,"date":"1970-01-01T01:00:00","date_gmt":"1970-01-01T00:00:00","guid":{"rendered":"https:\/\/theworldwidejournal.com\/1970\/01\/01\/el-supremo-fija-para-el-18-de-diciembre-la-vista-previa-al-juicio-del-proces\/"},"modified":"1970-01-01T01:00:00","modified_gmt":"1970-01-01T00:00:00","slug":"el-supremo-fija-para-el-18-de-diciembre-la-vista-previa-al-juicio-del-proces","status":"publish","type":"post","link":"https:\/\/theworldwidejournal.com\/?p=70995","title":{"rendered":"El Supremo fija para el 18 de diciembre la vista previa al juicio del \u00abproc\u00e9s\u00bb"},"content":{"rendered":"<p>La Sala Penal del Tribunal Supremo ha fijado para el pr\u00f3ximo 18 de diciembre la vista en la que se sustanciar\u00e1n las cuestiones previas relativas al juicio del 1-O, que ya arrancar\u00eda en enero. Pese a la estrategia de las defensas por dilatar el procedimiento (intentando apartar del tribunal a la pr\u00e1ctica totalidad de sus miembros), la Sala mantiene as\u00ed el calendario inicialmente previsto. A esta vista, preliminar al juicio, no es necesario que acudan los 18 acusados, y sobre las cuestiones que las defensas expongan (s\u00f3lo se prev\u00e9 la relativa a la falta de jurisdicci\u00f3n del Supremo para juzgarles), los magistrados tendr\u00e1n que resolver antes del inicio del juicio, previsto para la segunda quincena de enero. Ah\u00ed ya s\u00ed que los procesados tendr\u00e1n que estar presentes. Nueve de los 18 est\u00e1n en prisi\u00f3n preventiva en c\u00e1rceles de Catalu\u00f1a, con lo que tendr\u00e1n que ser trasladados a Madrid durante el juicio, cuyo desarrollo est\u00e1 previsto en sesiones de ma\u00f1ana y tarde. La Fiscal\u00eda pide un total de 177 a\u00f1os de c\u00e1rcel para los encausados por delitos de rebeli\u00f3n, sedici\u00f3n, malversaci\u00f3n y desobediencia, delitos por los que tambi\u00e9n acusa Vox. La Abogac\u00eda del Estado, por su parte, reduce sustancialmente su petici\u00f3n de penas contra los dirigentes independentistas, pues descarta la rebeli\u00f3n en su escrito de acusaci\u00f3n. El juicio del \u00abproc\u00e9s\u00bb llega en un momento especialmente tenso en las relaciones del Ejecutivo central con el gobierno de Quim Torra, con la defensa de este \u00faltimo de la v\u00eda eslovena para Catalu\u00f1a, con el terrorismo callejero de los CDR en marcha y con la sombra del 155 planeando otra vez sobre esa comunidad aut\u00f3noma ante la pasividad de los Mossos para detener los altercados violentos de los \u00faltimos d\u00edas. A todo ello se suma la presi\u00f3n que pretenden ejercer sobre la justicia algunos de los procesados presos, que han iniciado una huelga de hambre que, seg\u00fan algunos medios, estar\u00edan esquivando a escondidas con barritas alimenticias.<br \/>\nVia: <a href=\"https:\/\/www.abc.es\/espana\/abci-supremo-fija-para-18-diciembre-vista-previa-juicio-proces-201812111224_noticia.html\" target=\"_blank\">El Supremo fija para el 18 de diciembre la vista previa al juicio del \u00abproc\u00e9s\u00bb<\/a><\/p>\n","protected":false},"excerpt":{"rendered":"<p>La Sala Penal del Tribunal Supremo ha fijado para el pr\u00f3ximo 18 de diciembre la vista en la que se sustanciar\u00e1n las cuestiones previas relativas al juicio del 1-O, que ya arrancar\u00eda en enero. Pese a la estrategia de las defensas por dilatar el procedimiento (intentando apartar del tribunal a [&hellip;]<\/p>\n","protected":false},"author":2,"featured_media":70996,"comment_status":"open","ping_status":"closed","sticky":false,"template":"","format":"standard","meta":{"footnotes":""},"categories":[6],"tags":[],"class_list":["post-70995","post","type-post","status-publish","format-standard","has-post-thumbnail","hentry","category-spanish"],"_links":{"self":[{"href":"https:\/\/theworldwidejournal.com\/index.php?rest_route=\/wp\/v2\/posts\/70995","targetHints":{"allow":["GET"]}}],"collection":[{"href":"https:\/\/theworldwidejournal.com\/index.php?rest_route=\/wp\/v2\/posts"}],"about":[{"href":"https:\/\/theworldwidejournal.com\/index.php?rest_route=\/wp\/v2\/types\/post"}],"author":[{"embeddable":true,"href":"https:\/\/theworldwidejournal.com\/index.php?rest_route=\/wp\/v2\/users\/2"}],"replies":[{"embeddable":true,"href":"https:\/\/theworldwidejournal.com\/index.php?rest_route=%2Fwp%2Fv2%2Fcomments&post=70995"}],"version-history":[{"count":0,"href":"https:\/\/theworldwidejournal.com\/index.php?rest_route=\/wp\/v2\/posts\/70995\/revisions"}],"wp:featuredmedia":[{"embeddable":true,"href":"https:\/\/theworldwidejournal.com\/index.php?rest_route=\/wp\/v2\/media\/70996"}],"wp:attachment":[{"href":"https:\/\/theworldwidejournal.com\/index.php?rest_route=%2Fwp%2Fv2%2Fmedia&parent=70995"}],"wp:term":[{"taxonomy":"category","embeddable":true,"href":"https:\/\/theworldwidejournal.com\/index.php?rest_route=%2Fwp%2Fv2%2Fcategories&post=70995"},{"taxonomy":"post_tag","embeddable":true,"href":"https:\/\/theworldwidejournal.com\/index.php?rest_route=%2Fwp%2Fv2%2Ftags&post=70995"}],"curies":[{"name":"wp","href":"https:\/\/api.w.org\/{rel}","templated":true}]}}