{"id":70997,"date":"1970-01-01T01:00:00","date_gmt":"1970-01-01T00:00:00","guid":{"rendered":"https:\/\/theworldwidejournal.com\/1970\/01\/01\/sanchez-cambia-el-rumbo-y-se-prepara-para-intervenir-en-cataluna\/"},"modified":"1970-01-01T01:00:00","modified_gmt":"1970-01-01T00:00:00","slug":"sanchez-cambia-el-rumbo-y-se-prepara-para-intervenir-en-cataluna","status":"publish","type":"post","link":"https:\/\/theworldwidejournal.com\/?p=70997","title":{"rendered":"S\u00e1nchez cambia el rumbo y se prepara para intervenir en Catalu\u00f1a"},"content":{"rendered":"<p>Aunque el Gobierno de S\u00e1nchez siempre ha defendido que responder\u00e1n solo a los hechos y no a las palabras, en el Ejecutivo se interpretan las declaraciones de Quim Torra apostando por la v\u00eda eslovena hacia la independencia como un salto cualitativo: \u00abHay palabras y palabras\u00bb, resum\u00eda un miembro del gabinete. El cambio de discurso que S\u00e1nchez necesitaba tras el fiasco en Andaluc\u00eda est\u00e1 servido. En el Ejecutivo recordaban ayer que se han recurrido ya ante el Tribunal Constitucional dos resoluciones del Parlamento catal\u00e1n para justificar que \u00abnunca hemos dejado de actuar\u00bb. Pero lo cierto es que ayer se percib\u00eda un grado de preocupaci\u00f3n mucho mayor que en los \u00faltimos tiempos. Como nunca desde que S\u00e1nchez lleg\u00f3 a La Moncloa. Los sucesos de este fin de semana, con los CDR cortando la autopista AP-7 ante la inacci\u00f3n de los Mossos despu\u00e9s de que el presidente de la Generalitat criticase que actuasen contra los grupos radicales, suponen el hecho que motiva al Gobierno para reconocer abiertamente que valora una intervenci\u00f3n en Catalu\u00f1a. En esa \u00abdejaci\u00f3n de funciones\u00bb se ampara el Gobierno para estudiar los siguientes pasos. Ayer la vicepresidenta Carmen Calvo insisti\u00f3 en que la aplicaci\u00f3n del art\u00edculo 155 es \u00abla \u00faltima medida\u00bb que se debe tomar. Pero la n\u00famero dos del Gobierno advirti\u00f3 que \u00abde momento lo que ayer ocurri\u00f3 va a tener consecuencias\u00bb, porque Torra \u00abno puede inhibirse\u00bb y el Gobierno \u00abva a tomar medidas en el marco de sus competencias\u00bb. Lo repiti\u00f3 en varias ocasiones, cuestionando especialmente la \u00abinhibici\u00f3n\u00bb de los cuerpos de seguridad. \u00abLo ocurrido ayer tendr\u00e1 consecuencias. El Gobierno est\u00e1 estudiando toda la capacidad de respuesta\u00bb, dijo Calvo ante una situaci\u00f3n \u00abinadmisible\u00bb que \u00abtiene consecuencias y la va a tener\u00bb. El presidente del Gobierno, que ayer se encontraba en Marrakech por la cumbre del pacto por la migraci\u00f3n de Naciones Unidas, no quiso por el momento entrar a responder a Torra. Una decisi\u00f3n premeditada, dicen en su equipo, ya que se quiere poner el foco en la comparecencia del presidente ma\u00f1ana en el Congreso. Pero en el entorno del presidente se criticaban ayer duramente las palabras de Torra y la \u00abfrivolidad\u00bb de su menci\u00f3n respecto a Yugoslavia. La vicepresidenta cuestion\u00f3 ayer a Torra por haber cruzado \u00aben terreno especulativo una l\u00ednea de irresponsabilidad absoluta. Una l\u00ednea literalmente inaceptable\u00bb. Como anticip\u00f3 Calvo, el Gobierno, a trav\u00e9s de los servicios jur\u00eddicos de la Abogac\u00eda del Estado, est\u00e1 estudiando todas las posibilidades. Miembros del Gobierno consultados creen que la inacci\u00f3n respecto a los actos violentos son hechos que deben estudiarse si pueden encajarse en los preceptos de un requerimiento, el paso previo a la aplicaci\u00f3n del art\u00edculo 155. Aunque se deja claro que no es el \u00fanico instrumento y se prefiere no hacer uso del mismo. Lo que est\u00e1 en el centro de la preocupaci\u00f3n del Gobierno es la gesti\u00f3n de los Mossos. \u00abLo que ha sucedido no se puede tolerar\u00bb, asegura un miembro del Gobierno, que apunta a medidas en el sentido de \u00abgarantizar la seguridad y la convivencia\u00bb. La portavoz del Comit\u00e9 Electoral socialista, Esther Pe\u00f1a, dej\u00f3 m\u00e1s que abierta la puerta a una respuesta contundente de S\u00e1nchez que incluyese el art\u00edculo 155: \u00abNo le va a temblar la mano como no le tembl\u00f3 en el pasado\u00bb. Adem\u00e1s de Calvo, Pe\u00f1a fue, de hecho, quien dio por sentadas la intervenci\u00f3n y las medidas \u00abvalientes\u00bb ante lo que defini\u00f3 como una \u00abconculcaci\u00f3n de derechos\u00bb producida por la \u00abcomplacencia\u00bb de la Generalitat. Tres cartas De momento, esa valent\u00eda se redujo a tres cartas del Gobierno a la Generalitat ante la \u00abdejaci\u00f3n de funciones\u00bb. La vicepresidenta Carmen Calvo traslada \u00abnuestra preocupaci\u00f3n\u00bb a su hom\u00f3logo Pere Aragon\u00e8s. Mientras el ministro de Fomento y el de Interior hacen lo propio. La carta m\u00e1s dura sin duda es la de Fernando Grande-Marlaska, que recuerda a Miquel Buch que la Ley Org\u00e1nica 2\/1986 de Fuerzas y Cuerpos de Seguridad del Estado contempla en su art\u00edculo 38.2 \u00ablos supuestos de actuaci\u00f3n de las Fuerzas y Cuerpos de Seguridad del Estado cuando lo estimen las autoridades estatales\u00bb. El debate jur\u00eddico y pol\u00edtico es profundo. El ministro de Exteriores, Josep Borrell, que en ocasiones ha predicado en el desierto en la respuesta al independentismo, ayer criticaba \u00abun lenguaje que parece que est\u00e9 llamando a una insurrecci\u00f3n\u00bb, pero a la vez enfriaba la opci\u00f3n del 155 porque \u00ablo que cuentan son las acciones\u00bb. Otro ministro con peso en el Gobierno aseguraba en la tarde de ayer que \u00abno estamos en el 155 en estos momentos\u00bb. Encima de la mesa del Gobierno est\u00e1, seg\u00fan varias fuentes, la aplicaci\u00f3n de la Ley de Seguridad Nacional, que contempla en su art\u00edculo 23 la \u00absituaci\u00f3n de inter\u00e9s para la Seguridad Nacional\u00bb. En el art\u00edculo 24 se especifica que S\u00e1nchez puede declararlo con un real decreto que debe definir la crisis, su \u00e1mbito geogr\u00e1fico, la duraci\u00f3n de la medida y contempla el nombramiento de una autoridad funcional. Al contrario que en el art\u00edculo 155, Pedro S\u00e1nchez no necesita aqu\u00ed el apoyo del PP.<br \/>\nVia: <a href=\"https:\/\/www.abc.es\/espana\/abci-sanchez-cambia-rumbo-y-prepara-para-intervenir-cataluna-201812110411_noticia.html\" target=\"_blank\">S\u00e1nchez cambia el rumbo y se prepara para intervenir en Catalu\u00f1a<\/a><\/p>\n","protected":false},"excerpt":{"rendered":"<p>Aunque el Gobierno de S\u00e1nchez siempre ha defendido que responder\u00e1n solo a los hechos y no a las palabras, en el Ejecutivo se interpretan las declaraciones de Quim Torra apostando por la v\u00eda eslovena hacia la independencia como un salto cualitativo: \u00abHay palabras y palabras\u00bb, resum\u00eda un miembro del gabinete. [&hellip;]<\/p>\n","protected":false},"author":2,"featured_media":70998,"comment_status":"open","ping_status":"closed","sticky":false,"template":"","format":"standard","meta":{"footnotes":""},"categories":[6],"tags":[],"class_list":["post-70997","post","type-post","status-publish","format-standard","has-post-thumbnail","hentry","category-spanish"],"_links":{"self":[{"href":"https:\/\/theworldwidejournal.com\/index.php?rest_route=\/wp\/v2\/posts\/70997","targetHints":{"allow":["GET"]}}],"collection":[{"href":"https:\/\/theworldwidejournal.com\/index.php?rest_route=\/wp\/v2\/posts"}],"about":[{"href":"https:\/\/theworldwidejournal.com\/index.php?rest_route=\/wp\/v2\/types\/post"}],"author":[{"embeddable":true,"href":"https:\/\/theworldwidejournal.com\/index.php?rest_route=\/wp\/v2\/users\/2"}],"replies":[{"embeddable":true,"href":"https:\/\/theworldwidejournal.com\/index.php?rest_route=%2Fwp%2Fv2%2Fcomments&post=70997"}],"version-history":[{"count":0,"href":"https:\/\/theworldwidejournal.com\/index.php?rest_route=\/wp\/v2\/posts\/70997\/revisions"}],"wp:featuredmedia":[{"embeddable":true,"href":"https:\/\/theworldwidejournal.com\/index.php?rest_route=\/wp\/v2\/media\/70998"}],"wp:attachment":[{"href":"https:\/\/theworldwidejournal.com\/index.php?rest_route=%2Fwp%2Fv2%2Fmedia&parent=70997"}],"wp:term":[{"taxonomy":"category","embeddable":true,"href":"https:\/\/theworldwidejournal.com\/index.php?rest_route=%2Fwp%2Fv2%2Fcategories&post=70997"},{"taxonomy":"post_tag","embeddable":true,"href":"https:\/\/theworldwidejournal.com\/index.php?rest_route=%2Fwp%2Fv2%2Ftags&post=70997"}],"curies":[{"name":"wp","href":"https:\/\/api.w.org\/{rel}","templated":true}]}}