{"id":70999,"date":"1970-01-01T01:00:00","date_gmt":"1970-01-01T00:00:00","guid":{"rendered":"https:\/\/theworldwidejournal.com\/1970\/01\/01\/los-vehiculos-sin-etiqueta-de-la-dgt-no-podran-circular-manana-por-la-m-30-ni-dentro-de-la-almendra-central\/"},"modified":"1970-01-01T01:00:00","modified_gmt":"1970-01-01T00:00:00","slug":"los-vehiculos-sin-etiqueta-de-la-dgt-no-podran-circular-manana-por-la-m-30-ni-dentro-de-la-almendra-central","status":"publish","type":"post","link":"https:\/\/theworldwidejournal.com\/?p=70999","title":{"rendered":"Los veh\u00edculos sin etiqueta de la DGT no podr\u00e1n circular ma\u00f1ana por la M-30 ni dentro de la almendra central"},"content":{"rendered":"<p>El Ayuntamiento ha activado para ma\u00f1ana, mi\u00e9rcoles, el escenario 2 del protocolo anticontaminaci\u00f3n. Este proh\u00edbe circular por la M-30 y dentro de la almendra central a todos los veh\u00edculos que no cuenten con el distintivo ambiental de la DGT, incluidos los ciclomotores y las motocicletas . Adem\u00e1s, solo podr\u00e1n aparcar en zona SER los veh\u00edculos Cero emisiones y ECO. La limitaci\u00f3n de velocidad a 70 km por hora se mantiene en la M-30 y accesos para los veh\u00edculos autorizados a circular por esta v\u00eda. El Ayuntamiento pondr\u00e1 en marcha estas medidas en aplicaci\u00f3n del Protocolo de actuaci\u00f3n para episodios de contaminaci\u00f3n por di\u00f3xido de nitr\u00f3geno (NO2), una vez que la delegada de Medio Ambiente y Movilidad firme el decreto para su activaci\u00f3n, y al haberse alcanzado el escenario 2. Esta noche se han superado los 200 microgramos por metro c\u00fabico durante tres horas consecutivas en tres estaciones de medici\u00f3n de la calidad del aire distintas. Las previsiones meteorol\u00f3gicas, seg\u00fan ha informado el Ayuntamiento, son desfavorables para este mi\u00e9rcoles. Forman parte de los veh\u00edculos sin distintivo ambiental los que tienen motor de gasolina matriculados antes del a\u00f1o 2000, di\u00e9sel matriculados antes de 2006 y motocicletas anteriores a 2003. \ud83d\udd0aMa\u00f1ana mi\u00e9rcoles entramos en #Escenario2 del #ProtocoloContaminaci\u00f3n. Se proh\u00edbe circular por @MadridCalle30 y dentro de esta a todos los veh\u00edculos sin etiqueta Cero Emisiones, ECO, C o B. Solo podr\u00e1n aparcar en zona SER veh\u00edculos Cero Emisiones y Eco. A 70km\/h en M-30 #alert pic.twitter.com\/DyeLSEGTfp&mdash; Emergencias Madrid (@EmergenciasMad) 11 de diciembre de 2018 Podr\u00e1n estacionar en las plazas del SER los veh\u00edculos de residentes (exclusivamente en su barrio y plazas), las personas con movilidad reducida, los autorizados como comerciales e industriales del SER con distintivo ambiental de la DGT, los estacionados en zonas reservadas para su actividad, los taxis, veh\u00edculos de alquiler con conductor en servicio y con el conductor presente y los acondicionados para emisoras de radio y televisi\u00f3n, entre otras excepciones. Por otro lado, habr\u00e1 excepciones a la limitaci\u00f3n de circulaci\u00f3n para el transporte p\u00fablico colectivo, los servicios de emergencias, veh\u00edculos de personas con movilidad reducida, coches de profesionales cuya hora de inicio o de fin de jornada laboral est\u00e9 fuera del horario de cobertura del transporte p\u00fablico previa autorizaci\u00f3n, as\u00ed como los comerciales e industriales de distribuci\u00f3n urbana de mercanc\u00edas y algunos veh\u00edculos especiales (gr\u00faas, servicios funerarios, adaptados para la retransmisi\u00f3n de radio o televisi\u00f3n o veh\u00edculos blindados). El Consistorio anunciar\u00e1 ma\u00f1ana las medidas que se aplicar\u00e1n el jueves. Asismismo, recomienda el uso del transporte p\u00fablico.<br \/>\nVia: <a href=\"https:\/\/www.abc.es\/espana\/madrid\/abci-vehiculos-sin-etiqueta-no-podran-circular-manana-m-30-dentro-madrid-201812111040_noticia.html\" target=\"_blank\">Los veh\u00edculos sin etiqueta de la DGT no podr\u00e1n circular ma\u00f1ana por la M-30 ni dentro de la almendra central<\/a><\/p>\n","protected":false},"excerpt":{"rendered":"<p>El Ayuntamiento ha activado para ma\u00f1ana, mi\u00e9rcoles, el escenario 2 del protocolo anticontaminaci\u00f3n. Este proh\u00edbe circular por la M-30 y dentro de la almendra central a todos los veh\u00edculos que no cuenten con el distintivo ambiental de la DGT, incluidos los ciclomotores y las motocicletas . Adem\u00e1s, solo podr\u00e1n aparcar [&hellip;]<\/p>\n","protected":false},"author":2,"featured_media":71000,"comment_status":"open","ping_status":"closed","sticky":false,"template":"","format":"standard","meta":{"footnotes":""},"categories":[6],"tags":[],"class_list":["post-70999","post","type-post","status-publish","format-standard","has-post-thumbnail","hentry","category-spanish"],"_links":{"self":[{"href":"https:\/\/theworldwidejournal.com\/index.php?rest_route=\/wp\/v2\/posts\/70999","targetHints":{"allow":["GET"]}}],"collection":[{"href":"https:\/\/theworldwidejournal.com\/index.php?rest_route=\/wp\/v2\/posts"}],"about":[{"href":"https:\/\/theworldwidejournal.com\/index.php?rest_route=\/wp\/v2\/types\/post"}],"author":[{"embeddable":true,"href":"https:\/\/theworldwidejournal.com\/index.php?rest_route=\/wp\/v2\/users\/2"}],"replies":[{"embeddable":true,"href":"https:\/\/theworldwidejournal.com\/index.php?rest_route=%2Fwp%2Fv2%2Fcomments&post=70999"}],"version-history":[{"count":0,"href":"https:\/\/theworldwidejournal.com\/index.php?rest_route=\/wp\/v2\/posts\/70999\/revisions"}],"wp:featuredmedia":[{"embeddable":true,"href":"https:\/\/theworldwidejournal.com\/index.php?rest_route=\/wp\/v2\/media\/71000"}],"wp:attachment":[{"href":"https:\/\/theworldwidejournal.com\/index.php?rest_route=%2Fwp%2Fv2%2Fmedia&parent=70999"}],"wp:term":[{"taxonomy":"category","embeddable":true,"href":"https:\/\/theworldwidejournal.com\/index.php?rest_route=%2Fwp%2Fv2%2Fcategories&post=70999"},{"taxonomy":"post_tag","embeddable":true,"href":"https:\/\/theworldwidejournal.com\/index.php?rest_route=%2Fwp%2Fv2%2Ftags&post=70999"}],"curies":[{"name":"wp","href":"https:\/\/api.w.org\/{rel}","templated":true}]}}