{"id":71067,"date":"1970-01-01T01:00:00","date_gmt":"1970-01-01T00:00:00","guid":{"rendered":"https:\/\/theworldwidejournal.com\/1970\/01\/01\/al-menos-tres-muertos-y-varios-heridos-tras-tiroteos-en-estrasburgo\/"},"modified":"1970-01-01T01:00:00","modified_gmt":"1970-01-01T00:00:00","slug":"al-menos-tres-muertos-y-varios-heridos-tras-tiroteos-en-estrasburgo","status":"publish","type":"post","link":"https:\/\/theworldwidejournal.com\/?p=71067","title":{"rendered":"Al menos tres muertos y varios heridos tras tiroteos en Estrasburgo"},"content":{"rendered":"<p>Tiroteo sobrecogedor en el coraz\u00f3n de Estrasburgo, no lejos de la catedral g\u00f3tica. El ministro de Interior, Christophe Castaner, ha confirmado que hay al menos tres muertos y 12 heridos, y fuentes policiales se\u00f1alan que han identificado al responsable, un hombre de 29 a\u00f1os, llamado Ch\u00e9rif C. y ya fichado, por lo que no era un extra\u00f1o para las fuerzas del orden. Adem\u00e1s, un segundo sospechoso podr\u00eda estar implicado en los hechos, informa Le Figaro. El suceso podr\u00eda tratarse de un atentado terrorista. Aunque por el momento no se ha confirmado como tal, seg\u00fan informa \u00abThe Telegram\u00bb partidarios de Daesh han celebrado el suceso en redes sociales. El sospechoso, seg\u00fan se ha sabido recientemente, tendr\u00eda que haber sido detenido esta ma\u00f1ana por la Polic\u00eda. Los militares, durante la persecuci\u00f3n para darle caza, le han herido. El hombre se desplaza a pie y va a armado, seg\u00fan los datos que se manejan en estos momentos. \u00abHemos escuchado varios disparos, quiz\u00e1 tres, y hemos visto a bastantes personas correr. Una ha ca\u00eddo, no s\u00e9 si porque ha tropezado o porque ha sido herida. La gente del bar ha gritado: &#8220;\u00a1Cierra, cierra!&#8221;. Y el bar ha sido cerrado\u00bb, ha informado un testigo de los hechos a AFP. En la alcald\u00eda de Estrasburgo, el alcalde de la ciudad lanz\u00f3 un llamamiento a la poblaci\u00f3n, invitando a los ciudadanos a no salir de casa, mientras la polic\u00eda intentaba arrestar a uno o varios autores de un tiroteo que se cobr\u00f3 varios heridos, seg\u00fan las primeras estimaciones oficiosas. En Par\u00eds, minutos m\u00e1s tarde, Christophe Castaner, ministro del Interior, abandon\u00f3 precipitadamente el palacio del El\u00edseo, donde participaba en una reuni\u00f3n de trabajo, relacionada con la crisis de los chalecos amarillos, dirigi\u00e9ndose a su despacho, para intentar dirigir las primeras operaciones. En Estrasburgo, a la misma hora, el prefecto de la regi\u00f3n Gran Este y Bajo Rin, lanzaba un mensaje de urgencia a trav\u00e9s de las redes sociales: \u00abLlamamiento urgente a la poblaci\u00f3n. Acontecimientos graves est\u00e1n sucediendo en el centro de Estrasburgo, en las inmediaciones de la prefectura de polic\u00eda. Se aconseja a los ciudadanos retirarse r\u00e1pidamente a sus domicilios\u00bb. En Par\u00eds, el ministerio del Interior lanzaba mensajes muy semejantes: \u00abAcontecimientos graves, en Estrasburgo. Seguiremos informando. Se aconseja seguir las instrucciones de las autoridades\u00bb. \u00abMe acaba de pillar un #tiroteo en el centro de #Estrasburgo. La polic\u00eda ha desalojado todo el mercado de navidad y nos han metido en los sotanos de los restaurantes para asegurar la protecci\u00f3n de toda la gente. Estoy con m\u00e1s de 50 personas aqu\u00ed refugiado\u00bb, ha tuiteado el europarlamentario espa\u00f1ol Carlos Iturgaiz. Los mercadillos navide\u00f1os cerrar\u00e1n este mi\u00e9rcoles en la localidad francesa de Estrasburgo, la denominada \u00abcapital de la Navidad\u00bb. El diario local \u00abLe Figaro\u00bb ha indicado que, aparte de los mercadillos, todas las instalaciones culturales tambi\u00e9n estar\u00e1n cerradas. There are reports that one person is dead and three are injured after the gunfire in #Strasburg. pic.twitter.com\/uQPn1MJSfr&mdash; Jake Hanrahan (@Jake_Hanrahan) 11 de diciembre de 2018<br \/>\nVia: <a href=\"https:\/\/www.abc.es\/internacional\/abci-varios-heridos-tiroteo-centro-estrasburgo-201812112046_noticia.html\" target=\"_blank\">Al menos tres muertos y varios heridos tras tiroteos en Estrasburgo<\/a><\/p>\n","protected":false},"excerpt":{"rendered":"<p>Tiroteo sobrecogedor en el coraz\u00f3n de Estrasburgo, no lejos de la catedral g\u00f3tica. El ministro de Interior, Christophe Castaner, ha confirmado que hay al menos tres muertos y 12 heridos, y fuentes policiales se\u00f1alan que han identificado al responsable, un hombre de 29 a\u00f1os, llamado Ch\u00e9rif C. y ya fichado, [&hellip;]<\/p>\n","protected":false},"author":2,"featured_media":71068,"comment_status":"open","ping_status":"closed","sticky":false,"template":"","format":"standard","meta":{"footnotes":""},"categories":[6],"tags":[],"class_list":["post-71067","post","type-post","status-publish","format-standard","has-post-thumbnail","hentry","category-spanish"],"_links":{"self":[{"href":"https:\/\/theworldwidejournal.com\/index.php?rest_route=\/wp\/v2\/posts\/71067","targetHints":{"allow":["GET"]}}],"collection":[{"href":"https:\/\/theworldwidejournal.com\/index.php?rest_route=\/wp\/v2\/posts"}],"about":[{"href":"https:\/\/theworldwidejournal.com\/index.php?rest_route=\/wp\/v2\/types\/post"}],"author":[{"embeddable":true,"href":"https:\/\/theworldwidejournal.com\/index.php?rest_route=\/wp\/v2\/users\/2"}],"replies":[{"embeddable":true,"href":"https:\/\/theworldwidejournal.com\/index.php?rest_route=%2Fwp%2Fv2%2Fcomments&post=71067"}],"version-history":[{"count":0,"href":"https:\/\/theworldwidejournal.com\/index.php?rest_route=\/wp\/v2\/posts\/71067\/revisions"}],"wp:featuredmedia":[{"embeddable":true,"href":"https:\/\/theworldwidejournal.com\/index.php?rest_route=\/wp\/v2\/media\/71068"}],"wp:attachment":[{"href":"https:\/\/theworldwidejournal.com\/index.php?rest_route=%2Fwp%2Fv2%2Fmedia&parent=71067"}],"wp:term":[{"taxonomy":"category","embeddable":true,"href":"https:\/\/theworldwidejournal.com\/index.php?rest_route=%2Fwp%2Fv2%2Fcategories&post=71067"},{"taxonomy":"post_tag","embeddable":true,"href":"https:\/\/theworldwidejournal.com\/index.php?rest_route=%2Fwp%2Fv2%2Ftags&post=71067"}],"curies":[{"name":"wp","href":"https:\/\/api.w.org\/{rel}","templated":true}]}}