{"id":71135,"date":"1970-01-01T01:00:00","date_gmt":"1970-01-01T00:00:00","guid":{"rendered":"https:\/\/theworldwidejournal.com\/1970\/01\/01\/los-lideres-politicos-pasan-al-cuerpo-a-cuerpo-en-el-pleno-y-el-debate-deriva-en-lluvia-de-descalificaciones\/"},"modified":"1970-01-01T01:00:00","modified_gmt":"1970-01-01T00:00:00","slug":"los-lideres-politicos-pasan-al-cuerpo-a-cuerpo-en-el-pleno-y-el-debate-deriva-en-lluvia-de-descalificaciones","status":"publish","type":"post","link":"https:\/\/theworldwidejournal.com\/?p=71135","title":{"rendered":"Los l\u00edderes pol\u00edticos pasan al cuerpo a cuerpo en el Pleno y el debate deriva en lluvia de descalificaciones"},"content":{"rendered":"<p>Tras elevar el tono contra el independentismo catal\u00e1n y defender el acuerdo para el Brexit, el presidente del Gobierno, Pedro S\u00e1nchez, ha cambiado el paso y ha entrado en el cuerpo a cuerpo con el l\u00edder de Partido Popular, Pablo Casado, en el Congreso de los Diputados. Un movimiento que ha causado un efecto domin\u00f3 y ha arrastrado a todos los l\u00edderes pol\u00edticos que le han seguido en el turno de palabra convirtiendo la segunda mitad del debate en una lluvia de alocuciones broncas, caracterizadas por el todos contra todos y el cruce de descalificativos. [Sigue en directo el Pleno monogr\u00e1fico sobre Catalu\u00f1a] El jefe del Ejecutivo ha arrancado su segundo turno de intervenci\u00f3n en el Pleno sobre Catalu\u00f1a que se celebra este mi\u00e9rcoles acusando de Casado de \u00absoberbia\u00bb y exigi\u00e9ndole \u00abun poco de humildad\u00bb porque, a su juicio, ni Espa\u00f1a ni Catalu\u00f1a est\u00e1n hoy \u00abpeor\u00bb que cuando la Generalitat convoc\u00f3 las consultas ilegales del 9-N y el 1-O. En esta l\u00ednea, ha considerado que la defensa del l\u00edder del PP a un art\u00edculo 155 \u00abperpetuo\u00bb es reconocer \u00absu fracaso\u00bb y su falta de proyecto pol\u00edtico para Catalu\u00f1a. \u00abEs el naufragio de su discurso y de su proyecto nacional\u00bb, ha sentenciado, apelando a que la respuesta del Estado a Catlu\u00f1a debe ser \u00abproporcional\u00bb. Adem\u00e1s, seg\u00fan S\u00e1nchez, la pol\u00edtica de oposici\u00f3n que est\u00e1 llevando a cabo Casado est\u00e1 debilitando al pa\u00eds y no es leal con el Gobierno pero tampoco con el Estado. Por ello, ha vuelto a exigirle, una vez m\u00e1s el mismo sentido de Estado que tuvo el PSOE con el Ejecutivo de Mariano Rajoy provocando las protestas en la bancada popular. Al l\u00edder de Ciudadanos el presidente del Gobierno le ha tachado despectivamente de ser \u00fanicamente \u00abla muleta del PP\u00bb. No hay \u00abmoderaci\u00f3n\u00bb Por su parte, el l\u00edder del PP ha vuelto a la tribuna con un tono m\u00e1s combativo y le ha exigido al presidente del Gobierno que tenga \u00abdignidad\u00bb y que convoque elecciones. \u00abViene aqu\u00ed a hablar de dignidad con un Gobierno con dos ministros dimitidos, cuatro con problemas en su patrimonio y dos secretarios de Estado igual\u00bb, ha replicado Casado a S\u00e1nchez. Seg\u00fan el presidente de los populares, S\u00e1nchez no puede hablar de \u00abmoderaci\u00f3n\u00bb mientras le sigan apoyando los independentistas vascos y catalanes \u00abEst\u00e1 apoyado por los partidos que quieren cargarse Espa\u00f1a, que quieren una guerra civil, que escupen a su ministro de Exteriores&#8230; \u00a1Y usted no dice nada!\u00bb. Casado, adem\u00e1s, le ha querido marcar los pasos al Gobierno se\u00f1alando que \u00abla v\u00eda constitucional\u00bb es el \u00fanico camino. Antes de abandonar la tribuna, Casado ha espetado: \u00abPonga orden en Catalu\u00f1a y si no convoque elecciones para que lo pongamos nosotros\u00bb. La bancada popular le ha recibido en su esca\u00f1o entre aplausos. El debate ha seguido subiendo de decibelios. Y a la tribuna ha vuelto Iglesias, que ha negado la \u00abconstitucionalidad\u00bb de la que alardean Casado y Rivera. El de Podemos considera que ambas formaciones han olvidado la parte de la Carta Magna que habla de derechos sociales. \u00abUstedes no creen en la Constituci\u00f3n, la convierten en un ladrillo para tir\u00e1rsela a los que no piensas como ustedes\u00bb, ha expresando, respecto a Casado y Rivera. Seg\u00fan explica, los dos l\u00edderes han radicalizado su discurso: el del PP hac\u00eda el tono \u00abaznarista\u00bb y el de Cs para no quedarse a la sombra del PP. El secretario general de Podemos ha atizado al portavoz de ERC, Joan Tard\u00e0, diciendole que no hable de corrupci\u00f3n cuando la \u00abmayor humillaci\u00f3n\u00bb de Catalu\u00f1a es Jordi Pujol. Luego, ha continuado apelando a las fuerzas pol\u00edticas que recuperar la mayor\u00eda de la moci\u00f3n de censura mediante el apoyo a los Presupuestos Generales del Estado. En este contexto, Iglesias ha lanzado una advertencia a S\u00e1nchez. \u00abNosotros hemos hecho nuestra parte, hagan ustedes lo que tienen que hacer, la gente en Espa\u00f1a necesita los Presupuestos\u00bb, ha zanjado. Pastor llama al orden Tras \u00e9l ha intervenido el l\u00edder de Ciudadanos ha tachado a S\u00e1nchez de no ser un presidente \u00abdecente\u00bb, porque si lo fuera actur\u00eda en Catalu\u00f1a. Rivera, adem\u00e1s, ha acabado su turno reiterando que los pol\u00edticos independentistas son golpistas. Una palabra que ha provocado la reacci\u00f3n virulenta de Tard\u00e0: \u00abusted es un fascista\u00bb, ha replicado desde la tribuna de oradores justificando el ejercicio de \u00abautodefensa democr\u00e1tica\u00bb. Tard\u00e0 se ha revuelto contra Igleias al que ha acusado de asestarle una \u00abpu\u00f1alada trapera\u00bb. En ese momento, los parlamentarios han empezado a quejarse en alto y la presidenta de la C\u00e1mara Baja, Ana Pastor, ha llamado al orden. \u00abHay libertad de expresi\u00f3n, lo que no hay es libertad de insultos\u00bb, ha empezado Pastor. \u00abLas palabras fascista o golpista referidas a parlamentarios de esta C\u00e1mara ser\u00e1n retiradas por su presidencia, creo que somos adultos, la pol\u00edtica no es insultar es construir con la palabra\u00bb, ha zanjado.<br \/>\nVia: <a href=\"https:\/\/www.abc.es\/espana\/abci-lideres-politicos-pasan-cuerpo-cuerpo-pleno-y-debate-deriva-lluvia-descalificaciones-201812121415_noticia.html\" target=\"_blank\">Los l\u00edderes pol\u00edticos pasan al cuerpo a cuerpo en el Pleno y el debate deriva en lluvia de descalificaciones<\/a><\/p>\n","protected":false},"excerpt":{"rendered":"<p>Tras elevar el tono contra el independentismo catal\u00e1n y defender el acuerdo para el Brexit, el presidente del Gobierno, Pedro S\u00e1nchez, ha cambiado el paso y ha entrado en el cuerpo a cuerpo con el l\u00edder de Partido Popular, Pablo Casado, en el Congreso de los Diputados. Un movimiento que [&hellip;]<\/p>\n","protected":false},"author":2,"featured_media":71136,"comment_status":"open","ping_status":"closed","sticky":false,"template":"","format":"standard","meta":{"footnotes":""},"categories":[6],"tags":[],"class_list":["post-71135","post","type-post","status-publish","format-standard","has-post-thumbnail","hentry","category-spanish"],"_links":{"self":[{"href":"https:\/\/theworldwidejournal.com\/index.php?rest_route=\/wp\/v2\/posts\/71135","targetHints":{"allow":["GET"]}}],"collection":[{"href":"https:\/\/theworldwidejournal.com\/index.php?rest_route=\/wp\/v2\/posts"}],"about":[{"href":"https:\/\/theworldwidejournal.com\/index.php?rest_route=\/wp\/v2\/types\/post"}],"author":[{"embeddable":true,"href":"https:\/\/theworldwidejournal.com\/index.php?rest_route=\/wp\/v2\/users\/2"}],"replies":[{"embeddable":true,"href":"https:\/\/theworldwidejournal.com\/index.php?rest_route=%2Fwp%2Fv2%2Fcomments&post=71135"}],"version-history":[{"count":0,"href":"https:\/\/theworldwidejournal.com\/index.php?rest_route=\/wp\/v2\/posts\/71135\/revisions"}],"wp:featuredmedia":[{"embeddable":true,"href":"https:\/\/theworldwidejournal.com\/index.php?rest_route=\/wp\/v2\/media\/71136"}],"wp:attachment":[{"href":"https:\/\/theworldwidejournal.com\/index.php?rest_route=%2Fwp%2Fv2%2Fmedia&parent=71135"}],"wp:term":[{"taxonomy":"category","embeddable":true,"href":"https:\/\/theworldwidejournal.com\/index.php?rest_route=%2Fwp%2Fv2%2Fcategories&post=71135"},{"taxonomy":"post_tag","embeddable":true,"href":"https:\/\/theworldwidejournal.com\/index.php?rest_route=%2Fwp%2Fv2%2Ftags&post=71135"}],"curies":[{"name":"wp","href":"https:\/\/api.w.org\/{rel}","templated":true}]}}