{"id":71138,"date":"1970-01-01T01:00:00","date_gmt":"1970-01-01T00:00:00","guid":{"rendered":"https:\/\/theworldwidejournal.com\/1970\/01\/01\/el-autor-del-tiroteo-de-estrasburgo-grito-ala-es-grande-antes-de-disparar\/"},"modified":"1970-01-01T01:00:00","modified_gmt":"1970-01-01T00:00:00","slug":"el-autor-del-tiroteo-de-estrasburgo-grito-ala-es-grande-antes-de-disparar","status":"publish","type":"post","link":"https:\/\/theworldwidejournal.com\/?p=71138","title":{"rendered":"El autor del tiroteo de Estrasburgo grit\u00f3 \u00abAl\u00e1 es grande\u00bb antes de disparar"},"content":{"rendered":"<p>Al menos tres personas murieron y 13 resultaron heridas ayer en Estrasburgo, despu\u00e9s de que un hombre armado abriera fuego en las calles c\u00e9ntricas de la ciudad alsaciana. Aunque todav\u00eda no ha sido detenido, la Polic\u00eda ya ofreci\u00f3 por la noche de los primeros datos de su identidad: el terrorista se llama Ch\u00e9rif C., y es un joven nacido en 1989 en Estrasburgo, Francia. De 29 a\u00f1os, hijo de marroqu\u00edes, ya era conocido por cometer delitos comunes, sobre todo una treintena de robos en Francia, Alemania y Suiza, y tambi\u00e9n hab\u00eda sido fichado por radicalizaci\u00f3n en 2016. Ch\u00e9rif grit\u00f3 \u00abAl\u00e1 es grande\u00bb durante el ataque. \u00abSin duda, se trata de un atentado terrorista\u00bb, ha afirmado Roland Ries, el alcalde de Estrasburgo. Seg\u00fan los datos que se manejan ahora mismo, Ch\u00e9rif se habr\u00eda radicalizado durante una de sus estancias en la c\u00e1rcel. \u00abTiene unos antecedentes bastante importantes. Pas\u00f3 bastantes veces por la c\u00e1rcel, y fue en una de esas estancias en las que detect\u00f3 que se hab\u00eda radicalizado, pero solo en la pr\u00e1ctica religiosa. Hay que ser muy prudentes, la motivaci\u00f3n terrorista del acto no ha sido todav\u00eda establecida\u00bb, explic\u00f3 Laurent Nu\u00f1ez, secretario de Estado del Miniserio del Interior, en France Inter. Sin embargo, otras fuentes apuntan a que el suceso puede ser calificado, sin dudas ya, de acto terrorista. Herido en un brazo R\u00e9my Heitz, procurador de la Rep\u00fablica de Par\u00eds, ha explicado, seg\u00fan recoge el diario Le Figaro, que Ch\u00e9rif comenz\u00f3 a disparar a eso de las 20 horas en rue des Orf\u00e8vres, en Estrasburgo, junto al mercado de Navidad. Luego recorri\u00f3 varias calles, empleando su arma y un cuchillo, y llegando a enfrentarse con unos militares, que le hirieron. Logr\u00f3 escaparse en un taxi. Al bajarse, tuvo otro encontronazo con unos polic\u00edas, pero tambi\u00e9n se evadi\u00f3. Antes de que se produjeran los hechos, la Polic\u00eda hab\u00eda intentado detenerle ese mismo martes por la ma\u00f1ana por su implicaci\u00f3n en un robo con tentativa de homicidio. En su casa, los agentes hallaron granadas, un rifle y cuchillos. Por el momento, el responsable de los hechos contin\u00faa fugado, aunque los agentes le buscan activamente. Se sabe que el joven est\u00e1 herido en un brazo, como resultado de su choque con los militares. Tambi\u00e9n se sabe que logr\u00f3 tomar un taxi para evitar ser detenido. Adem\u00e1s, cuatro personas de su c\u00edrculo cercano han sido arrestadas, y una de ellas tambi\u00e9n estar\u00eda fichado por radicalizaci\u00f3n.<br \/>\nVia: <a href=\"https:\/\/www.abc.es\/internacional\/abci-autor-tiroteo-estrasburgo-joven-radicalizo-prision-201812121107_noticia.html\" target=\"_blank\">El autor del tiroteo de Estrasburgo grit\u00f3 \u00abAl\u00e1 es grande\u00bb antes de disparar<\/a><\/p>\n","protected":false},"excerpt":{"rendered":"<p>Al menos tres personas murieron y 13 resultaron heridas ayer en Estrasburgo, despu\u00e9s de que un hombre armado abriera fuego en las calles c\u00e9ntricas de la ciudad alsaciana. Aunque todav\u00eda no ha sido detenido, la Polic\u00eda ya ofreci\u00f3 por la noche de los primeros datos de su identidad: el terrorista [&hellip;]<\/p>\n","protected":false},"author":2,"featured_media":71139,"comment_status":"open","ping_status":"closed","sticky":false,"template":"","format":"standard","meta":{"footnotes":""},"categories":[6],"tags":[],"class_list":["post-71138","post","type-post","status-publish","format-standard","has-post-thumbnail","hentry","category-spanish"],"_links":{"self":[{"href":"https:\/\/theworldwidejournal.com\/index.php?rest_route=\/wp\/v2\/posts\/71138","targetHints":{"allow":["GET"]}}],"collection":[{"href":"https:\/\/theworldwidejournal.com\/index.php?rest_route=\/wp\/v2\/posts"}],"about":[{"href":"https:\/\/theworldwidejournal.com\/index.php?rest_route=\/wp\/v2\/types\/post"}],"author":[{"embeddable":true,"href":"https:\/\/theworldwidejournal.com\/index.php?rest_route=\/wp\/v2\/users\/2"}],"replies":[{"embeddable":true,"href":"https:\/\/theworldwidejournal.com\/index.php?rest_route=%2Fwp%2Fv2%2Fcomments&post=71138"}],"version-history":[{"count":0,"href":"https:\/\/theworldwidejournal.com\/index.php?rest_route=\/wp\/v2\/posts\/71138\/revisions"}],"wp:featuredmedia":[{"embeddable":true,"href":"https:\/\/theworldwidejournal.com\/index.php?rest_route=\/wp\/v2\/media\/71139"}],"wp:attachment":[{"href":"https:\/\/theworldwidejournal.com\/index.php?rest_route=%2Fwp%2Fv2%2Fmedia&parent=71138"}],"wp:term":[{"taxonomy":"category","embeddable":true,"href":"https:\/\/theworldwidejournal.com\/index.php?rest_route=%2Fwp%2Fv2%2Fcategories&post=71138"},{"taxonomy":"post_tag","embeddable":true,"href":"https:\/\/theworldwidejournal.com\/index.php?rest_route=%2Fwp%2Fv2%2Ftags&post=71138"}],"curies":[{"name":"wp","href":"https:\/\/api.w.org\/{rel}","templated":true}]}}