{"id":71207,"date":"1970-01-01T01:00:00","date_gmt":"1970-01-01T00:00:00","guid":{"rendered":"https:\/\/theworldwidejournal.com\/1970\/01\/01\/borrell-enfria-la-intervencion-en-cataluna-se-puede-aplicar-la-ley-sin-el-155\/"},"modified":"1970-01-01T01:00:00","modified_gmt":"1970-01-01T00:00:00","slug":"borrell-enfria-la-intervencion-en-cataluna-se-puede-aplicar-la-ley-sin-el-155","status":"publish","type":"post","link":"https:\/\/theworldwidejournal.com\/?p=71207","title":{"rendered":"Borrell enfr\u00eda la intervenci\u00f3n en Catalu\u00f1a: se puede aplicar la ley \u00absin el 155\u00bb"},"content":{"rendered":"<p>El ministro de Asuntos Exteriores, Uni\u00f3n Europea y Cooperaci\u00f3n, Josep Borrell, ha enfriado hoy la intervenci\u00f3n del Estado en Catalu\u00f1a pese a los continuos desaf\u00edos de la Generalitat. Borrell, que ha lamentado hoy el \u00abdesconcertante\u00bb empe\u00f1o en el que est\u00e1 inmersa una parte de la sociedad catalana en busca de la independencia, ha dejado claro que el Gobierno tiene otros m\u00e9todos m\u00e1s all\u00e1 del art\u00edculo 155 para hacer que se cumpla la ley en Catalu\u00f1a. \u00abHay que compaginar templanza con firmeza\u00bb, ha manifestado el ministro, quien ha considerado como una \u00abdemanda que puede hacer la oposici\u00f3n\u00bb el volver a aplicar el 155, pero ha insistido en que el Ejecutivo -en su estrategia por dulcificar el conflicto- \u00abdebe medir cada paso que da\u00bb. Con todo, Borrell ha reconocido que la desconexi\u00f3n de Catalu\u00f1a est\u00e1 \u00abfuera de toda \u00f3ptica\u00bb en los planes del Gobierno, pese a que los independentistas han acentuado el pulso. \u00abEst\u00e1n en el s\u00ed o s\u00ed\u00bb, ha diagnosticado Borrell durante su intervenci\u00f3n en una nueva edici\u00f3n del Foro ABC, desarrollada hoy en Madrid con la colaboraci\u00f3n de Ferrovial y Deloitte. El ministro, que ha llegado con retraso al evento por sus obligaciones en el Hemiciclo, no ha obviado la tensa sesi\u00f3n de hoy en la Carrera de San Jer\u00f3nimo, donde apelativos como \u00abfascista\u00bb han vuelto a estar sobre la mesa y donde los soberanistas han llegado a amenazar al Gobierno con un nuevo ejercicio de desobediencia. \u00abHe vivido muchas sesiones y recuerdo pocas tan broncas como esta\u00bb, ha rememorado Borrell, preocupado por el elevado clima de crispaci\u00f3n. Escaso \u00e9xito En el apartado de la autocr\u00edtica, el ministro ha asumido el \u00abpoco \u00e9xito\u00bb con el que el Gobierno ha intentado normalizar la situaci\u00f3n catalana. \u00abLo reconozco. Cuando pens\u00e1bamos que la cosa entraba en una fase de mayor di\u00e1logo se han encrespado las actuaciones del presidente de Catalu\u00f1a\u00bb, ha admitido Borrell, quien no obstante ha valorado el reciente toque de atenci\u00f3n de Sanchez a Torra. A \u00faltima hora del lunes, el Gobierno envi\u00f3 tres cartas a la Generalitat expresando \u00absu inquietud\u00bb por la \u00abdejaci\u00f3n de funciones\u00bb del Ejecutivo catal\u00e1n, m\u00e1s preocupado por insistir en la causa soberanista que por las necesidades reales de sus ciudadanos. Seg\u00fan las misivas del Ejecutivo, esto ha provocado importantes consecuencias de \u00abcar\u00e1cter econ\u00f3mico, social y para la seguridad p\u00fablica\u00bb. Quiz\u00e1 por ello Borrell haya destinado parte de sus esfuerzos en desmarcar al Gobierno de los partidos secesionistas, ahora en su contra, pero que dieron su voto para derrocar a Mariano Rajoy. \u00abAl Gobierno se le acusa de condescendencia con quien se llama \u201csus socios\u201d\u00bb. \u00abPongamos las cosas en su sitio\u00bb, comenz\u00f3 su alegato Borrell, que continu\u00f3: \u00abEste es un Gobierno que ha llegado por una v\u00eda constitucional que no es la cl\u00e1sica, la moci\u00f3n de censura. Los que votaron la moci\u00f3n votaron contra el Gobierno, no a favor del entrante. Eso hay que tenerlo claro\u00bb. El ministro, en esta l\u00ednea, ha insistido en que el Gobierno \u00abno tiene hipotecas\u00bb con los soberanistas por facilitar el cambio en La Moncloa. Y justo ah\u00ed, en el tejado del hogar del presidente S\u00e1nchez, est\u00e1 la pelota del problema secesionista: tolerar m\u00e1s desaf\u00edos de la Generalitat o seguir aplicando \u00abibuprofeno\u00bb. De momento, el dolor de cabeza y la fiebre no bajan. Al contrario.<br \/>\nVia: <a href=\"https:\/\/www.abc.es\/espana\/abci-borrell-enfria-intervencion-cataluna-puede-aplicar-ley-sin-155-201812121639_noticia.html\" target=\"_blank\">Borrell enfr\u00eda la intervenci\u00f3n en Catalu\u00f1a: se puede aplicar la ley \u00absin el 155\u00bb<\/a><\/p>\n","protected":false},"excerpt":{"rendered":"<p>El ministro de Asuntos Exteriores, Uni\u00f3n Europea y Cooperaci\u00f3n, Josep Borrell, ha enfriado hoy la intervenci\u00f3n del Estado en Catalu\u00f1a pese a los continuos desaf\u00edos de la Generalitat. Borrell, que ha lamentado hoy el \u00abdesconcertante\u00bb empe\u00f1o en el que est\u00e1 inmersa una parte de la sociedad catalana en busca de [&hellip;]<\/p>\n","protected":false},"author":2,"featured_media":71208,"comment_status":"open","ping_status":"closed","sticky":false,"template":"","format":"standard","meta":{"footnotes":""},"categories":[6],"tags":[],"class_list":["post-71207","post","type-post","status-publish","format-standard","has-post-thumbnail","hentry","category-spanish"],"_links":{"self":[{"href":"https:\/\/theworldwidejournal.com\/index.php?rest_route=\/wp\/v2\/posts\/71207","targetHints":{"allow":["GET"]}}],"collection":[{"href":"https:\/\/theworldwidejournal.com\/index.php?rest_route=\/wp\/v2\/posts"}],"about":[{"href":"https:\/\/theworldwidejournal.com\/index.php?rest_route=\/wp\/v2\/types\/post"}],"author":[{"embeddable":true,"href":"https:\/\/theworldwidejournal.com\/index.php?rest_route=\/wp\/v2\/users\/2"}],"replies":[{"embeddable":true,"href":"https:\/\/theworldwidejournal.com\/index.php?rest_route=%2Fwp%2Fv2%2Fcomments&post=71207"}],"version-history":[{"count":0,"href":"https:\/\/theworldwidejournal.com\/index.php?rest_route=\/wp\/v2\/posts\/71207\/revisions"}],"wp:featuredmedia":[{"embeddable":true,"href":"https:\/\/theworldwidejournal.com\/index.php?rest_route=\/wp\/v2\/media\/71208"}],"wp:attachment":[{"href":"https:\/\/theworldwidejournal.com\/index.php?rest_route=%2Fwp%2Fv2%2Fmedia&parent=71207"}],"wp:term":[{"taxonomy":"category","embeddable":true,"href":"https:\/\/theworldwidejournal.com\/index.php?rest_route=%2Fwp%2Fv2%2Fcategories&post=71207"},{"taxonomy":"post_tag","embeddable":true,"href":"https:\/\/theworldwidejournal.com\/index.php?rest_route=%2Fwp%2Fv2%2Ftags&post=71207"}],"curies":[{"name":"wp","href":"https:\/\/api.w.org\/{rel}","templated":true}]}}