{"id":71279,"date":"1970-01-01T01:00:00","date_gmt":"1970-01-01T00:00:00","guid":{"rendered":"https:\/\/theworldwidejournal.com\/1970\/01\/01\/la-huelga-de-hambre-independentista-sale-de-prision\/"},"modified":"1970-01-01T01:00:00","modified_gmt":"1970-01-01T00:00:00","slug":"la-huelga-de-hambre-independentista-sale-de-prision","status":"publish","type":"post","link":"https:\/\/theworldwidejournal.com\/?p=71279","title":{"rendered":"La \u00abhuelga de hambre\u00bb independentista sale de prisi\u00f3n"},"content":{"rendered":"<p>A dos d\u00edas para que los dirigentes independentistas presos en Lledoners (Barcelona) cumplan dos semana en \u00abhuelga de hambre\u00bb esta protesta ha salido por primera vez del centro penitenciario. Varios l\u00edderes independentistas, entre ellos Quim Torra, se hab\u00edan sumado a la iniciativa de forma simb\u00f3lica ayunando durante unas horas. Ahora, el alcalde de la localidad de Montblanc (Tarragona) se suma a esta medida de presi\u00f3n al Constitucional anunciando que deja de comer \u00absine die\u00bb. Seg\u00fan se ha dado a conocer este jueves, el alcalde republicano Josep Andreu ha iniciado esta medianoche una huelga de hambre para expresar su \u00absolidaridad\u00bb con los presos soberanistas. \u00abEsto m\u00edo ser\u00e1 duro, pero lo es mucho m\u00e1s para los que est\u00e1n en la c\u00e1rcel. Por m\u00ed no se tiene que sufrir, se tiene que sufrir por los presos\u00bb, ha explicado Andreu. Andreu, este jueves al anunciar su decisi\u00f3n &#8211; AMI El gesto tambi\u00e9n supone un pulso a ERC, que ve con malos ojos una \u00abhuelga de hambre\u00bb que, de momento, solo siguen los presos del partido de Puigdemont. Ni Oriol Junqueras ni ninguno de los exconsejeros republicanos que est\u00e1n con \u00e9l en prisi\u00f3n se ha sumado a la iniciativa. Desde el Congreso, el diputado de ERC Joan Tard\u00e0 ha afirmado este jueves que cree que esta campa\u00f1a de ayuno \u00abno es necesaria\u00bb. Nuevas diferencias en el bloque independentista. Primer dirigente fuera de prisi\u00f3n A pesar de las advertencias de su partido, el alcalde Andreu -quien tambi\u00e9n defendi\u00f3 la integraci\u00f3n de los republicanos en el nuevo \u00abpartido\u00bb de Puigdemont, la \u00abCrida Nacional\u00bb- se ha convertido en el primer dirigente independentista que, al margen de los presos, anuncia una huelga de hambre indefinida. \u00abHe considerado que ten\u00eda que existir alguna voz de este sector que se sumara a la huelga de hambre iniciada por nuestros presos pol\u00edticos\u00bb, ha argumentado Andreu antes de se\u00f1alar que ya ha comunicado su decisi\u00f3n antes de hacerla p\u00fablica al vicepresidente de la Generalitat, Pere Aragon\u00e8s (ERC) y al presidente de su formaci\u00f3n, Oriol Junqueras. Ir\u00e1 \u00abhasta donde la salud\u00bb, ha advertido.<br \/>\nVia: <a href=\"https:\/\/www.abc.es\/espana\/catalunya\/politica\/abci-huelga-hambre-independentista-sale-prision-201812131155_noticia.html\" target=\"_blank\">La \u00abhuelga de hambre\u00bb independentista sale de prisi\u00f3n<\/a><\/p>\n","protected":false},"excerpt":{"rendered":"<p>A dos d\u00edas para que los dirigentes independentistas presos en Lledoners (Barcelona) cumplan dos semana en \u00abhuelga de hambre\u00bb esta protesta ha salido por primera vez del centro penitenciario. Varios l\u00edderes independentistas, entre ellos Quim Torra, se hab\u00edan sumado a la iniciativa de forma simb\u00f3lica ayunando durante unas horas. Ahora, [&hellip;]<\/p>\n","protected":false},"author":2,"featured_media":71280,"comment_status":"open","ping_status":"closed","sticky":false,"template":"","format":"standard","meta":{"footnotes":""},"categories":[6],"tags":[],"class_list":["post-71279","post","type-post","status-publish","format-standard","has-post-thumbnail","hentry","category-spanish"],"_links":{"self":[{"href":"https:\/\/theworldwidejournal.com\/index.php?rest_route=\/wp\/v2\/posts\/71279","targetHints":{"allow":["GET"]}}],"collection":[{"href":"https:\/\/theworldwidejournal.com\/index.php?rest_route=\/wp\/v2\/posts"}],"about":[{"href":"https:\/\/theworldwidejournal.com\/index.php?rest_route=\/wp\/v2\/types\/post"}],"author":[{"embeddable":true,"href":"https:\/\/theworldwidejournal.com\/index.php?rest_route=\/wp\/v2\/users\/2"}],"replies":[{"embeddable":true,"href":"https:\/\/theworldwidejournal.com\/index.php?rest_route=%2Fwp%2Fv2%2Fcomments&post=71279"}],"version-history":[{"count":0,"href":"https:\/\/theworldwidejournal.com\/index.php?rest_route=\/wp\/v2\/posts\/71279\/revisions"}],"wp:featuredmedia":[{"embeddable":true,"href":"https:\/\/theworldwidejournal.com\/index.php?rest_route=\/wp\/v2\/media\/71280"}],"wp:attachment":[{"href":"https:\/\/theworldwidejournal.com\/index.php?rest_route=%2Fwp%2Fv2%2Fmedia&parent=71279"}],"wp:term":[{"taxonomy":"category","embeddable":true,"href":"https:\/\/theworldwidejournal.com\/index.php?rest_route=%2Fwp%2Fv2%2Fcategories&post=71279"},{"taxonomy":"post_tag","embeddable":true,"href":"https:\/\/theworldwidejournal.com\/index.php?rest_route=%2Fwp%2Fv2%2Ftags&post=71279"}],"curies":[{"name":"wp","href":"https:\/\/api.w.org\/{rel}","templated":true}]}}