{"id":71419,"date":"1970-01-01T01:00:00","date_gmt":"1970-01-01T00:00:00","guid":{"rendered":"https:\/\/theworldwidejournal.com\/1970\/01\/01\/la-generalitat-filtra-a-los-colegios-el-movil-de-la-lider-del-bilinguismo\/"},"modified":"1970-01-01T01:00:00","modified_gmt":"1970-01-01T00:00:00","slug":"la-generalitat-filtra-a-los-colegios-el-movil-de-la-lider-del-bilinguismo","status":"publish","type":"post","link":"https:\/\/theworldwidejournal.com\/?p=71419","title":{"rendered":"La Generalitat filtra a los colegios el m\u00f3vil de la l\u00edder del biling\u00fcismo"},"content":{"rendered":"<p>Nuevo frente abierto en la guerra que mantienen desde hace a\u00f1os los defensores del biling\u00fcismo y la Generalitat. La presidenta de la Asamblea por una Escuela Biling\u00fce (AEB), Ana Losada, anuncia a ABC que su asociaci\u00f3n denunciar\u00e1 ante la Agencia Catalana de Protecci\u00f3n de Datos (APD) a la consejer\u00eda de Educaci\u00f3n, que dirige Josep Bargall\u00f3, por \u00abfiltrar a los centros educativos sus datos personales, vulnerando abiertamente la Ley de Protecci\u00f3n de Datos\u00bb. El mi\u00e9rcoles, la entidad envi\u00f3 un comunicado al departamento expresando su queja y exigi\u00e9ndole que remita de forma \u00abinmimente\u00bb a los centros una orden para que \u00abdestruyan\u00bb esa informaci\u00f3n y \u00abno hagan uso\u00bb de ella\u00bb. La consejer\u00eda, por su parte, alega que se enviaron sus datos a los centros \u00abporque es como si ella les hubiera solicitado directamente la informaci\u00f3n. Por eso tienen su petici\u00f3n\u00bb. Las citadas fuentes de Educaci\u00f3n arguyen tambi\u00e9n que los directores de centros \u00abcomo servidores p\u00fablicos que son\u00bb \u00abtienen la obligaci\u00f3n de hacer un tratamiento de los datos adecuado\u00bb. Tal como avanz\u00f3 ABC el mi\u00e9rcoles, la consejer\u00eda remiti\u00f3 hace unos d\u00edas un comunicado a los 2.325 centros educativos catalanes (de Infantil, Primaria ySecundaria) en el que insta a los responsables de los mismos a que env\u00eden antes del 15 de enero sus proyectos ling\u00fc\u00edsticos a una direcci\u00f3n de correo electr\u00f3nico habilitada por la presidenta de la AEB. La responsable de esta entidad, que defiende los derechos de los alumnos castellanohablantes en Catalu\u00f1a, reclam\u00f3 a la Administraci\u00f3n el 1 de agosto de 2018 esa informaci\u00f3n alegando que \u00abes p\u00fablica y debe poder acceder a ella el ciudadano\u00bb. En ello coincide la Generalitat. Un mes despu\u00e9s, el departamento respondi\u00f3 que los proyectos ya estaban colgados en la p\u00e1gina web de las escuelas e institutos, pero la AEB comprob\u00f3 que \u00abno era cierto\u00bb No recurri\u00f3 Por eso, en octubre reclam\u00f3 a la Comisi\u00f3n de Garant\u00eda del Derecho de Acceso a la Informaci\u00f3n P\u00fablica (GAIP), \u00f3rgano independiente elegido por el Parlament, el acceso a los documentos. El 21 de noviembre el GAIP inst\u00f3 al departamento a que ordenara a los centros que enviaran sus planes de usos de lenguas a la persona solicitante. El departamento no recurri\u00f3 pero pidi\u00f3 que se alargara el plazo de entrega, que era de 15 d\u00edas h\u00e1biles tras la comunicaci\u00f3n, y se le concedi\u00f3. Junto a la nota enviada a los centros, la Generalitat adjunt\u00f3 tambi\u00e9n los documentos vinculados a la petici\u00f3n de Losada y su solicitud de acceso a todos los proyectos en la que, tal como ha podido comprobar este diario, constan todos sus datos personales (direcci\u00f3n, DNI, tel\u00e9fono m\u00f3vil&#8230;). Por este motivo, la AEB emprender\u00e1 acciones legales contra el departamento por \u00abvulnerar la Ley de Protecci\u00f3n de Datos\u00bb. \u00abAhora, todos conocen mi m\u00f3vil y saben hasta d\u00f3nde vivo. Ya he recibido varias llamadas no deseadas\u00bb, apunta la afectada.<br \/>\nVia: <a href=\"https:\/\/www.abc.es\/sociedad\/abci-generalitat-filtra-colegios-movil-lider-bilinguismo-201812131915_noticia.html\" target=\"_blank\">La Generalitat filtra a los colegios el m\u00f3vil de la l\u00edder del biling\u00fcismo<\/a><\/p>\n","protected":false},"excerpt":{"rendered":"<p>Nuevo frente abierto en la guerra que mantienen desde hace a\u00f1os los defensores del biling\u00fcismo y la Generalitat. La presidenta de la Asamblea por una Escuela Biling\u00fce (AEB), Ana Losada, anuncia a ABC que su asociaci\u00f3n denunciar\u00e1 ante la Agencia Catalana de Protecci\u00f3n de Datos (APD) a la consejer\u00eda de [&hellip;]<\/p>\n","protected":false},"author":2,"featured_media":71420,"comment_status":"open","ping_status":"closed","sticky":false,"template":"","format":"standard","meta":{"footnotes":""},"categories":[6],"tags":[],"class_list":["post-71419","post","type-post","status-publish","format-standard","has-post-thumbnail","hentry","category-spanish"],"_links":{"self":[{"href":"https:\/\/theworldwidejournal.com\/index.php?rest_route=\/wp\/v2\/posts\/71419","targetHints":{"allow":["GET"]}}],"collection":[{"href":"https:\/\/theworldwidejournal.com\/index.php?rest_route=\/wp\/v2\/posts"}],"about":[{"href":"https:\/\/theworldwidejournal.com\/index.php?rest_route=\/wp\/v2\/types\/post"}],"author":[{"embeddable":true,"href":"https:\/\/theworldwidejournal.com\/index.php?rest_route=\/wp\/v2\/users\/2"}],"replies":[{"embeddable":true,"href":"https:\/\/theworldwidejournal.com\/index.php?rest_route=%2Fwp%2Fv2%2Fcomments&post=71419"}],"version-history":[{"count":0,"href":"https:\/\/theworldwidejournal.com\/index.php?rest_route=\/wp\/v2\/posts\/71419\/revisions"}],"wp:featuredmedia":[{"embeddable":true,"href":"https:\/\/theworldwidejournal.com\/index.php?rest_route=\/wp\/v2\/media\/71420"}],"wp:attachment":[{"href":"https:\/\/theworldwidejournal.com\/index.php?rest_route=%2Fwp%2Fv2%2Fmedia&parent=71419"}],"wp:term":[{"taxonomy":"category","embeddable":true,"href":"https:\/\/theworldwidejournal.com\/index.php?rest_route=%2Fwp%2Fv2%2Fcategories&post=71419"},{"taxonomy":"post_tag","embeddable":true,"href":"https:\/\/theworldwidejournal.com\/index.php?rest_route=%2Fwp%2Fv2%2Ftags&post=71419"}],"curies":[{"name":"wp","href":"https:\/\/api.w.org\/{rel}","templated":true}]}}