{"id":71421,"date":"1970-01-01T01:00:00","date_gmt":"1970-01-01T00:00:00","guid":{"rendered":"https:\/\/theworldwidejournal.com\/1970\/01\/01\/sanchez-falta-a-su-cuarto-consejo-de-ministros-desde-noviembre-por-un-nuevo-viaje-al-exterior\/"},"modified":"1970-01-01T01:00:00","modified_gmt":"1970-01-01T00:00:00","slug":"sanchez-falta-a-su-cuarto-consejo-de-ministros-desde-noviembre-por-un-nuevo-viaje-al-exterior","status":"publish","type":"post","link":"https:\/\/theworldwidejournal.com\/?p=71421","title":{"rendered":"S\u00e1nchez falta a su cuarto Consejo de Ministros desde noviembre por un nuevo viaje al exterior"},"content":{"rendered":"<p>El presidente del Gobierno, Pedro S\u00e1nchez, volver\u00e1 a ausentarse este mi\u00e9rcoles del Consejo de Ministros; esta vez porque se encuentra en Bruselas, donde asistir\u00e1 al Consejo Europeo y a la Cumbre del Euro. De las siete \u00faltimas reuniones del Ejecutivo, las que se han celebrado desde noviembre, S\u00e1nchez ha faltado a cuatro debido a su intensa agenda internacional. Estas ausencias de S\u00e1nchez son especialmente significativas, si se tiene en cuenta que el Consejo de Ministros es la cita en la que el Ejecutivo da luz verde, semana a semana, a su agenda de gobierno, que siempre son presididas por el presidente. S\u00e1nchez solo ha podido hacerlo en tres de las siete \u00faltimas. El Gobierno ha adoptado estas semanas decisiones como las de proponer una reforma de la Constituci\u00f3n para restringir los aforamientos o el plan para luchar contra el narcotr\u00e1fico en el Campo de Gibraltar, y en ninguna de ellas ha estado S\u00e1nchez. La \u00faltima reuni\u00f3n del Ejecutivo presidida S\u00e1nchez fue la semana pasada, en la que la portavoz, Isabel Cela\u00e1, anunci\u00f3 que el Gobierno presentar\u00eda el techo de gasto que ya ha sido rechazado por el Congreso para iniciar la tramitaci\u00f3n del proyecto de Presupuestos para el a\u00f1o que viene. Hay que remontarse hasta la segunda semana de noviembre, el jueves d\u00eda 8, para encontrar otro Consejo de Ministros presidido por S\u00e1nchez. En aquella ocasi\u00f3n, el Gobierno aprob\u00f3 la reforma de la ley para que los clientes no paguen el impuesto a las hipotecas, despu\u00e9s del pol\u00e9mico fallo del Tribunal Supremo. S\u00e1nchez compareci\u00f3 el d\u00eda anterior en La Moncloa en una inusual rueda de prensa para avanzar la medida. La semana anterior, el viernes d\u00eda 2, otro Consejo de Ministros, tambi\u00e9n presidido por S\u00e1nchez, aprob\u00f3 dos decisiones relativas al proceso de exhumaci\u00f3n de Franco. El resto de las reuniones del Gobierno le han pillado a S\u00e1nchez fuera de Espa\u00f1a. El 16 de noviembre fue la vicepresidenta, Carmen Calvo, quien lo presidi\u00f3 debido a que el jefe del Ejecutivo se encontraba en Antigua (Guatemala), para asistir a la XXVI Cumbre Iberoamericana. Este era un viaje de agenda, inexcusable. No se puede decir lo mismo del que una semana despu\u00e9s lo llev\u00f3 a Cuba, donde no se reuni\u00f3 con los disidentes. Este viaje ha sido criticado en las \u00faltimas horas por el embajador de EE.UU. ante la Organizaci\u00f3n de Estados Americanos (OEA), Carlos Trujillo. \u00abNo env\u00eda un mensaje positivo\u00bb, ha dicho, \u00absi eres un pa\u00eds que respeta la democracia y los derechos humanos, tienes que apoyarlos en todo momento y no de forma selectiva\u00bb. La semana siguiente, S\u00e1nchez se desplaz\u00f3 a Argentina, donde asisti\u00f3 a la Cumbre del G-20. Mientras el l\u00edder socialista se estrenaba en una cumbre de estas caracter\u00edsticas, Calvo anunciaba su propuesta de reforma de la Constituci\u00f3n para limitar los aforamientos. Ante la fatla de apoyos en el Parlamento para sacar adelante sus medidas, S\u00e1nchez ha optado por reforzar su perfil presidencial con numerosos viajes al extranjero, tanto que ha llegado a acaparar la pol\u00edtica exterior y dejar casi sin viajes al Rey. Hasta noviembre, cuando por fin se activ\u00f3 la agenda exterior de Don Felipe con viajes a Francia y Per\u00fa, el Monarca pas\u00f3 cuatro meses sin realizar ninguna visita oficial fuera de Espa\u00f1a.<br \/>\nVia: <a href=\"https:\/\/www.abc.es\/espana\/abci-sanchez-falta-cuarto-consejo-ministros-desde-noviembre-nuevo-viaje-exterior-201812141300_noticia.html\" target=\"_blank\">S\u00e1nchez falta a su cuarto Consejo de Ministros desde noviembre por un nuevo viaje al exterior<\/a><\/p>\n","protected":false},"excerpt":{"rendered":"<p>El presidente del Gobierno, Pedro S\u00e1nchez, volver\u00e1 a ausentarse este mi\u00e9rcoles del Consejo de Ministros; esta vez porque se encuentra en Bruselas, donde asistir\u00e1 al Consejo Europeo y a la Cumbre del Euro. De las siete \u00faltimas reuniones del Ejecutivo, las que se han celebrado desde noviembre, S\u00e1nchez ha faltado [&hellip;]<\/p>\n","protected":false},"author":2,"featured_media":71422,"comment_status":"open","ping_status":"closed","sticky":false,"template":"","format":"standard","meta":{"footnotes":""},"categories":[6],"tags":[],"class_list":["post-71421","post","type-post","status-publish","format-standard","has-post-thumbnail","hentry","category-spanish"],"_links":{"self":[{"href":"https:\/\/theworldwidejournal.com\/index.php?rest_route=\/wp\/v2\/posts\/71421","targetHints":{"allow":["GET"]}}],"collection":[{"href":"https:\/\/theworldwidejournal.com\/index.php?rest_route=\/wp\/v2\/posts"}],"about":[{"href":"https:\/\/theworldwidejournal.com\/index.php?rest_route=\/wp\/v2\/types\/post"}],"author":[{"embeddable":true,"href":"https:\/\/theworldwidejournal.com\/index.php?rest_route=\/wp\/v2\/users\/2"}],"replies":[{"embeddable":true,"href":"https:\/\/theworldwidejournal.com\/index.php?rest_route=%2Fwp%2Fv2%2Fcomments&post=71421"}],"version-history":[{"count":0,"href":"https:\/\/theworldwidejournal.com\/index.php?rest_route=\/wp\/v2\/posts\/71421\/revisions"}],"wp:featuredmedia":[{"embeddable":true,"href":"https:\/\/theworldwidejournal.com\/index.php?rest_route=\/wp\/v2\/media\/71422"}],"wp:attachment":[{"href":"https:\/\/theworldwidejournal.com\/index.php?rest_route=%2Fwp%2Fv2%2Fmedia&parent=71421"}],"wp:term":[{"taxonomy":"category","embeddable":true,"href":"https:\/\/theworldwidejournal.com\/index.php?rest_route=%2Fwp%2Fv2%2Fcategories&post=71421"},{"taxonomy":"post_tag","embeddable":true,"href":"https:\/\/theworldwidejournal.com\/index.php?rest_route=%2Fwp%2Fv2%2Ftags&post=71421"}],"curies":[{"name":"wp","href":"https:\/\/api.w.org\/{rel}","templated":true}]}}