{"id":71425,"date":"1970-01-01T01:00:00","date_gmt":"1970-01-01T00:00:00","guid":{"rendered":"https:\/\/theworldwidejournal.com\/1970\/01\/01\/casado-arremete-contra-sanchez-por-dialogar-con-quien-apuesta-por-el-derramamiento-de-sangre-en-cataluna\/"},"modified":"1970-01-01T01:00:00","modified_gmt":"1970-01-01T00:00:00","slug":"casado-arremete-contra-sanchez-por-dialogar-con-quien-apuesta-por-el-derramamiento-de-sangre-en-cataluna","status":"publish","type":"post","link":"https:\/\/theworldwidejournal.com\/?p=71425","title":{"rendered":"Casado arremete contra S\u00e1nchez por dialogar con quien apuesta por el \u00abderramamiento de sangre\u00bb en Catalu\u00f1a"},"content":{"rendered":"<p>El presidente del Partido Popular, Pablo Casado, ha arremetido duramente contra Pedro S\u00e1nchez, por solicitar una reuni\u00f3n con el presidente de la Generalitat, Quim Torra el pr\u00f3ximo 21 de diciembre, coincidiendo con la celebraci\u00f3n del Consejo de Ministros en Catalu\u00f1a. Durante un encuentro de la junta directiva provincial del PP de La Coru\u00f1a, Casado ha lamentado que el l\u00edder socialista busque dialogar con quien plantea para poner fin la cuesti\u00f3n catalana la soluci\u00f3n eslovena, \u00abes decir, la guerra civil y el derramamiento de sangre\u00bb. \u00abEn vez de dejar muy claro que ya no hay salida a la situaci\u00f3n del independentismo en Catalu\u00f1a, lo que dice es que quiere dialogar. Y me pregunto, \u00bfdialogar de qu\u00e9 y dialogar con quien?\u00bb, reivindic\u00f3. Seg\u00fan Casado, Torra representa al independentismo que sigue apostando por una \u00abv\u00eda unilateral\u00bb para lograr la independencia, que solicita la \u00abamnist\u00eda o el indulto\u00bb a los pol\u00edticos presos y que quiere hacer un \u00abconsejo de la Rep\u00fablica&#8221; en este territorio. \u00abSe tiene que aplicar la Constituci\u00f3n\u00bb, zanj\u00f3 el l\u00edder popular. En paralelo, el dirigente del PP ha lamentado que el Gobierno de Espa\u00f1a asuma ahora que no es capaz de garantizar la seguridad y el orden p\u00fablico en Catalu\u00f1a el pr\u00f3ximo 21 de diciembre y se vea obligado a desplazar a la Polic\u00eda Nacional. A su entender, este hecho evidencia que ha \u00abcapitulado\u00bb ante el soberanismo, ya que lo que deber\u00eda haber hecho es plantarle cara a la Generalitat y \u00abtomar el control\u00bb de los Mossos. \u00abEspero que ese d\u00eda se garantice la seguridad, porque van a medir a Espa\u00f1a y al Gobierno por c\u00f3mo pueda garantizar la normalidad en una visita tan l\u00f3gica y natural como que el propio Gobierno de la naci\u00f3n se desplace a una ciudad tan importante como Barcelona\u00bb, ha subrayado. Lo que ocurre es \u00abde libro\u00bb En ese mismo acto el presidente del PP ha compartido protagonismo con Alberto N\u00fa\u00f1ez Feij\u00f3o, que ha asegurado que lo que ocurre en Catalu\u00f1a ante las demandas de los partidos es \u00abde libro\u00bb. \u00abY ese libro es la Constituci\u00f3n\u00bb, ha matizado el presidente de la Xunta, al tiempo que le afe\u00f3 a Pedro S\u00e1nchez el estar \u00abmaniatado por los independentistas\u00bb tras su apoyo a la moci\u00f3n de censura. El mandatario auton\u00f3mico ha lamentado que en Espa\u00f1a actualmente \u00abno hay un gobierno que gobierne\u00bb, sino que se trata de un equipo \u00abcautivo de los que odian Espa\u00f1a\u00bb. Por este motivo, el presidente del Gobierno gallego ha reivindicado al PP como el \u00fanico capaz de defender la Constituci\u00f3n en \u00abmomentos dif\u00edciles\u00bb como el actual. \u00abLo preocupante es que no lo haga ni la Generalitat, por rebeld\u00eda y el presidente del Gobierno, por cobard\u00eda\u00bb, ha censurado.<br \/>\nVia: <a href=\"https:\/\/www.abc.es\/espana\/galicia\/abci-casado-arremete-contra-sanchez-dialogar-quien-apuesta-derramamiento-sangre-cataluna-201812141428_noticia.html\" target=\"_blank\">Casado arremete contra S\u00e1nchez por dialogar con quien apuesta por el \u00abderramamiento de sangre\u00bb en Catalu\u00f1a<\/a><\/p>\n","protected":false},"excerpt":{"rendered":"<p>El presidente del Partido Popular, Pablo Casado, ha arremetido duramente contra Pedro S\u00e1nchez, por solicitar una reuni\u00f3n con el presidente de la Generalitat, Quim Torra el pr\u00f3ximo 21 de diciembre, coincidiendo con la celebraci\u00f3n del Consejo de Ministros en Catalu\u00f1a. Durante un encuentro de la junta directiva provincial del PP [&hellip;]<\/p>\n","protected":false},"author":2,"featured_media":71426,"comment_status":"open","ping_status":"closed","sticky":false,"template":"","format":"standard","meta":{"footnotes":""},"categories":[6],"tags":[],"class_list":["post-71425","post","type-post","status-publish","format-standard","has-post-thumbnail","hentry","category-spanish"],"_links":{"self":[{"href":"https:\/\/theworldwidejournal.com\/index.php?rest_route=\/wp\/v2\/posts\/71425","targetHints":{"allow":["GET"]}}],"collection":[{"href":"https:\/\/theworldwidejournal.com\/index.php?rest_route=\/wp\/v2\/posts"}],"about":[{"href":"https:\/\/theworldwidejournal.com\/index.php?rest_route=\/wp\/v2\/types\/post"}],"author":[{"embeddable":true,"href":"https:\/\/theworldwidejournal.com\/index.php?rest_route=\/wp\/v2\/users\/2"}],"replies":[{"embeddable":true,"href":"https:\/\/theworldwidejournal.com\/index.php?rest_route=%2Fwp%2Fv2%2Fcomments&post=71425"}],"version-history":[{"count":0,"href":"https:\/\/theworldwidejournal.com\/index.php?rest_route=\/wp\/v2\/posts\/71425\/revisions"}],"wp:featuredmedia":[{"embeddable":true,"href":"https:\/\/theworldwidejournal.com\/index.php?rest_route=\/wp\/v2\/media\/71426"}],"wp:attachment":[{"href":"https:\/\/theworldwidejournal.com\/index.php?rest_route=%2Fwp%2Fv2%2Fmedia&parent=71425"}],"wp:term":[{"taxonomy":"category","embeddable":true,"href":"https:\/\/theworldwidejournal.com\/index.php?rest_route=%2Fwp%2Fv2%2Fcategories&post=71425"},{"taxonomy":"post_tag","embeddable":true,"href":"https:\/\/theworldwidejournal.com\/index.php?rest_route=%2Fwp%2Fv2%2Ftags&post=71425"}],"curies":[{"name":"wp","href":"https:\/\/api.w.org\/{rel}","templated":true}]}}