{"id":71494,"date":"1970-01-01T01:00:00","date_gmt":"1970-01-01T00:00:00","guid":{"rendered":"https:\/\/theworldwidejournal.com\/1970\/01\/01\/sanchez-acepta-que-torra-plantee-la-autodeterminacion-en-su-encuentro\/"},"modified":"1970-01-01T01:00:00","modified_gmt":"1970-01-01T00:00:00","slug":"sanchez-acepta-que-torra-plantee-la-autodeterminacion-en-su-encuentro","status":"publish","type":"post","link":"https:\/\/theworldwidejournal.com\/?p=71494","title":{"rendered":"S\u00e1nchez acepta que Torra plantee la autodeterminaci\u00f3n en su encuentro"},"content":{"rendered":"<p>Apaciguamiento, di\u00e1logo&#8230; ibuprofeno como remedio universal. El pr\u00f3ximo 21 de diciembre, el Gobierno reunir\u00e1 a su Consejo de Ministros en una Barcelona blindada por la amenaza de disturbios por parte del independentismo, una circunstancia que no ha modificado ni la cita en s\u00ed ni la pretensi\u00f3n de Pedro S\u00e1nchez de reunirse con el presidente de la Generalitat, Quim Torra, que hace apenas una semana avalaba la \u00abv\u00eda eslovena\u00bb, desautorizaba a los Mossos d\u2019Esquadra y segu\u00eda exigiendo, ayer mismo por boca de su portavoz, que en el citado encuentro se exploren soluciones pol\u00edticas para Catalu\u00f1a que vayan m\u00e1s all\u00e1 del marco constitucional. Ayer desde Bruselas, el presidente S\u00e1nchez afirmaba desconocer a\u00fan si tendr\u00e1 lugar la reuni\u00f3n con Torra, aunque en cualquier caso afirm\u00f3 que no tiene inconveniente en que el presidente catal\u00e1n, como ha exigido, \u00abhable de autodeterminaci\u00f3n, porque dentro de la Constituci\u00f3n se puede hablar de todo, aunque ese tiempo que gaste en ello lo aprovechar\u00e9 yo para hablar del paro juvenil, de infraestructuras, y de los problemas que tienen los catalanes\u00bb. Contra toda evidencia, el presidente S\u00e1nchez se niega a reconocer que la situaci\u00f3n pol\u00edtica en Catalu\u00f1a haya empeorado desde que est\u00e1 en el poder e insisti\u00f3 en que si su gesti\u00f3n ha tenido repercusi\u00f3n en el resultado de las elecciones en Andaluc\u00eda es porque \u00abeste Gobierno quiere resolver el problema de Catalu\u00f1a\u00bb. Su receta sigue siendo \u00absosiego, sentido com\u00fan y tiempo\u00bb y la celebraci\u00f3n del Consejo de Ministros en Barcelona, y un posible encuentro con Torra, es \u00abun gesto de respeto y acercamiento a la Espa\u00f1a auton\u00f3mica\u00bb. La posibilidad de que finalmente el viernes se produzca el citado encuentro se puso sobre la mesa el pasado jueves, cuando la consejera portavoz Elsa Artadi sugiri\u00f3 esa posibilidad ya sin condicionar el encuentro a que sea una cumbre \u00abde gobierno a gobierno\u00bb, como planteaba semanas antes. En la oscilante pol\u00edtica de comunicaci\u00f3n del gobierno catal\u00e1n, esas palabras de Artadi \u2013en lo que parec\u00eda un intento de desinflamaci\u00f3n tras haber manifestado ella misma con anterioridad que la cita del 21-D era una \u00abprovocaci\u00f3n\u00bb\u2013 fueron matizadas ayer. Artadi esta vez volvi\u00f3 a poner condiciones:\u00abEstamos dispuestos a una reuni\u00f3n en la que se puedan buscar soluciones, no a reuniones cosm\u00e9ticas. Si ha de haber una reuni\u00f3n se tiene que entrar en contenidos, hablar de por qu\u00e9 estamos donde estamos y sobre todo de cu\u00e1les son los mecanismos pol\u00edticos fuera de la justicia para poder canalizar esta situaci\u00f3n\u00bb. En el Govern, como en el conjunto del independentismo, hay temor a que la reuni\u00f3n del 21-D sirva para transmitir una imagen de \u00abnormalidad\u00bb a la que no est\u00e1n dispuestos. Fuentes del Ejecutivo catal\u00e1n consultadas por ABC a\u00f1adieron que \u00abhay que poner encima de la mesa todos los temas. No solo hablarlos, sino abordarlos a fondo\u00bb. \u00abSi no est\u00e1n dispuestos a ello, no hace falta hacer reuniones\u00bb, a\u00f1adieron. \u00abNo hay delimitaci\u00f3n\u00bb Al Gobierno, por lo que expres\u00f3 ayer el mismo Pedro S\u00e1nchez y la ministra portavoz Isabel Cela\u00e1 \u2013\u00abno hay ninguna delimitaci\u00f3n ni censura previa\u00bb\u2013 le parece bien hablar de todo. Torra plantear\u00e1 lo suyo y S\u00e1nchez contestar\u00e1 que \u00abel encauzamiento del conflicto para Catalu\u00f1a no es otro que di\u00e1logo dentro de la Constituci\u00f3n. No hay otra salida\u00bb, apunt\u00f3 la portavoz. Si no hay objeciones en cuanto a la agenda a tratar, s\u00ed las hay por lo que respecta al formato. As\u00ed, el Ejecutivo plantea como \u00fanica opci\u00f3n un encuentro con \u00abformato presidente-presidente\u00bb, y no una cumbre como desear\u00eda la Generalitat, en la que al menos estuviesen el vicepresidente Pere Aragon\u00e9s, la consejera de Presidencia, Elsa Artadi, y sus hom\u00f3logos del Gobierno. Las objeciones del Ejecutivo en cuanto al formato no esconden en ning\u00fan caso el deseo, ansia se dir\u00eda, del Ejecutivo por celebrar un encuentro que, aunque sitiado por las barricadas que anuncian los CDR, contribuya a dar una imagen de desinflamaci\u00f3n; en definitiva, la dosis de ibuprofeno que recetaba esta semana el ministro Jos\u00e9 Borell en el Foro ABC. Ayer, a las pocas horas de que la consejera Artadi pusiese pegas al encuentro asegurando que no hab\u00edan recibido invitaci\u00f3n formal, la vicepresidenta Carmen Calvo mandaba sendas cartas al vicepresidente Aragon\u00e9s y a la alcaldesa Ada Colau. En su misiva al n\u00famero dos del Govern, Calvo apuntaba que la reuni\u00f3n de ministros en Barcelona es \u00abuna gran oportunidad para demostrar a la ciudadan\u00eda nuestro compromiso con la cooperaci\u00f3n y el entendimiento, lanzando un mensaje n\u00edtido en favor de la convivencia\u00bb. En concreto sobre la reuni\u00f3n, y recordando lo hablado por Torra y S\u00e1nchez en Madrid a primeros de julio, \u00abser\u00eda conveniente que ambos pudieran mantener un encuentro con el que retomar la senda de di\u00e1logo constructivo que debe cimentar la relaci\u00f3n entre nuestros gobiernos\u00bb. Instituciones como Fomento del Trabajo trabajan para que as\u00ed sea. La noche antes del Consejo de Ministros la hist\u00f3rica patronal entrega sus premios anuales Ferrer Salat, una cita a la que Pedro S\u00e1nchez y seis de sus ministros habr\u00edan confirmado su asistencia. No as\u00ed Quim Torra pese a la invitaci\u00f3n que se le ha cursado. Todas las agendas siguen abiertas.<br \/>\nVia: <a href=\"https:\/\/www.abc.es\/espana\/abci-sanchez-acepta-torra-plantee-autodeterminacion-encuentro-201812150203_noticia.html\" target=\"_blank\">S\u00e1nchez acepta que Torra plantee la autodeterminaci\u00f3n en su encuentro<\/a><\/p>\n","protected":false},"excerpt":{"rendered":"<p>Apaciguamiento, di\u00e1logo&#8230; ibuprofeno como remedio universal. El pr\u00f3ximo 21 de diciembre, el Gobierno reunir\u00e1 a su Consejo de Ministros en una Barcelona blindada por la amenaza de disturbios por parte del independentismo, una circunstancia que no ha modificado ni la cita en s\u00ed ni la pretensi\u00f3n de Pedro S\u00e1nchez de [&hellip;]<\/p>\n","protected":false},"author":2,"featured_media":71495,"comment_status":"open","ping_status":"closed","sticky":false,"template":"","format":"standard","meta":{"footnotes":""},"categories":[6],"tags":[],"class_list":["post-71494","post","type-post","status-publish","format-standard","has-post-thumbnail","hentry","category-spanish"],"_links":{"self":[{"href":"https:\/\/theworldwidejournal.com\/index.php?rest_route=\/wp\/v2\/posts\/71494","targetHints":{"allow":["GET"]}}],"collection":[{"href":"https:\/\/theworldwidejournal.com\/index.php?rest_route=\/wp\/v2\/posts"}],"about":[{"href":"https:\/\/theworldwidejournal.com\/index.php?rest_route=\/wp\/v2\/types\/post"}],"author":[{"embeddable":true,"href":"https:\/\/theworldwidejournal.com\/index.php?rest_route=\/wp\/v2\/users\/2"}],"replies":[{"embeddable":true,"href":"https:\/\/theworldwidejournal.com\/index.php?rest_route=%2Fwp%2Fv2%2Fcomments&post=71494"}],"version-history":[{"count":0,"href":"https:\/\/theworldwidejournal.com\/index.php?rest_route=\/wp\/v2\/posts\/71494\/revisions"}],"wp:featuredmedia":[{"embeddable":true,"href":"https:\/\/theworldwidejournal.com\/index.php?rest_route=\/wp\/v2\/media\/71495"}],"wp:attachment":[{"href":"https:\/\/theworldwidejournal.com\/index.php?rest_route=%2Fwp%2Fv2%2Fmedia&parent=71494"}],"wp:term":[{"taxonomy":"category","embeddable":true,"href":"https:\/\/theworldwidejournal.com\/index.php?rest_route=%2Fwp%2Fv2%2Fcategories&post=71494"},{"taxonomy":"post_tag","embeddable":true,"href":"https:\/\/theworldwidejournal.com\/index.php?rest_route=%2Fwp%2Fv2%2Ftags&post=71494"}],"curies":[{"name":"wp","href":"https:\/\/api.w.org\/{rel}","templated":true}]}}