{"id":71562,"date":"1970-01-01T01:00:00","date_gmt":"1970-01-01T00:00:00","guid":{"rendered":"https:\/\/theworldwidejournal.com\/1970\/01\/01\/los-presos-y-los-partidos-soberanistas-temen-que-si-hay-violencia-el-21-d-perjudique-al-independentismo\/"},"modified":"1970-01-01T01:00:00","modified_gmt":"1970-01-01T00:00:00","slug":"los-presos-y-los-partidos-soberanistas-temen-que-si-hay-violencia-el-21-d-perjudique-al-independentismo","status":"publish","type":"post","link":"https:\/\/theworldwidejournal.com\/?p=71562","title":{"rendered":"Los presos y los partidos soberanistas temen que si hay violencia el 21-D perjudique al independentismo"},"content":{"rendered":"<p>A menos de una semana para la celebraci\u00f3n del Consejo de Ministros en Barcelona, el temor a que incidentes violentos perjudiquen la imagen del independentismo se extiende. Hoy, los l\u00edderes independentistas en prisi\u00f3n preventiva han asegurado que el juicio ante el Tribunal Supremo (TS) requiere de su serenidad y firmeza, y ante la impotencia que creen que pueden sentir quienes observan su situaci\u00f3n han dicho: &#8220;De la misma manera que podemos entender la necesidad de desbravar la impotencia tambi\u00e9n tenemos que decir claramente que esto, lejos de favorecer nuestra causa, la perjudicar\u00eda, igual que tambi\u00e9n perjudicar\u00eda los objetivos pol\u00edticos del pa\u00eds que queremos&#8221;. En la misma l\u00ednea, el exconsejero de Interior de la Generalitat, Joaquim Forn, ha pedido apoyo pol\u00edtico &#8220;expl\u00edcito&#8221; a los Mossos d&#8217;Esquadra y &#8220;facilitarles el trabajo&#8221;. Desde ERC, Sergi Sol, uno de los m\u00e1s estrechos colaboradores del exvicepresidente del Govern Oriol Junqueras, ha pedido en declaraciones a Efe al movimiento independentista evitar el 21D choques entre &#8220;estelades y Mossos d&#8217;Esquadra&#8221;, para no acabar haciendo &#8220;el papel de tontos \u00fatiles de la maquinaria propagand\u00edstica del Estado&#8221;. La carta de los presos, publiacada por &#8216;VilaWeb&#8217; y recogida por Ep, la firman la exconsellera Dolors Bassa; el presidente de \u00d2mnium Cultural, Jordi Cuixart; la expresidenta del Parlament Carme Forcadell; el l\u00edder de ERC, Oriol Junqueras; los exconsellers Joaquim Forn, Ra\u00fcl Romeva, Josep Rull y Jordi Turull; y el expresidente de la ANC, Jordi S\u00e0nchez. Aseguran que afrontar\u00e1n el juicio convencidos de su inocencia y como una oportunidad para denunciar lo que consideran una vulneraci\u00f3n de sus derechos civiles y libertades ciudadanas: &#8220;Cuando declaremos ante el TS, no renunciaremos, no capitularemos, no nos rendiremos. Al contrario. Mantendremos la cabeza bien alta y hablaremos claro, convencidas y convencidos plenamente de nuestra inocencia y de la legitimidad de nuestras acciones y nuestras convicciones&#8221;. Han pedido una &#8220;unidad estrat\u00e9gica gran\u00edtica, construida sobre la premisa del respeto y la generosidad&#8221;, y creen que es la \u00fanica manera de afrontar el juicio y no ceder a la voluntad de la represi\u00f3n de desestabilizar y dividir al independentismo. Afirman que est\u00e1n convencidos de que no han cometido ning\u00fan delito: &#8220;Es esta plena convicci\u00f3n de inocencia la fuente de nuestra serenidad y de nuestra ambici\u00f3n de situar el juicio con una gran oportunidad para denunciar las arbitrariedades y la vulneraci\u00f3n de los derechos civiles y libertades ciudadanas&#8221;. Insisten en que no conf\u00edan en que puedan tener un juicio justo y que saben que pueden ser condenados, pero que los poderes del Estado &#8220;nunca podr\u00e1n demostrar que su condena sea justa y est\u00e9 soportada por hechos y pruebas&#8221;.<br \/>\nVia: <a href=\"https:\/\/www.abc.es\/espana\/catalunya\/abci-presos-y-partidos-soberanistas-temen-si-violencia-21-d-perjudique-independentismo-201812151324_noticia.html\" target=\"_blank\">Los presos y los partidos soberanistas temen que si hay violencia el 21-D perjudique al independentismo<\/a><\/p>\n","protected":false},"excerpt":{"rendered":"<p>A menos de una semana para la celebraci\u00f3n del Consejo de Ministros en Barcelona, el temor a que incidentes violentos perjudiquen la imagen del independentismo se extiende. Hoy, los l\u00edderes independentistas en prisi\u00f3n preventiva han asegurado que el juicio ante el Tribunal Supremo (TS) requiere de su serenidad y firmeza, [&hellip;]<\/p>\n","protected":false},"author":2,"featured_media":71563,"comment_status":"open","ping_status":"closed","sticky":false,"template":"","format":"standard","meta":{"footnotes":""},"categories":[6],"tags":[],"class_list":["post-71562","post","type-post","status-publish","format-standard","has-post-thumbnail","hentry","category-spanish"],"_links":{"self":[{"href":"https:\/\/theworldwidejournal.com\/index.php?rest_route=\/wp\/v2\/posts\/71562","targetHints":{"allow":["GET"]}}],"collection":[{"href":"https:\/\/theworldwidejournal.com\/index.php?rest_route=\/wp\/v2\/posts"}],"about":[{"href":"https:\/\/theworldwidejournal.com\/index.php?rest_route=\/wp\/v2\/types\/post"}],"author":[{"embeddable":true,"href":"https:\/\/theworldwidejournal.com\/index.php?rest_route=\/wp\/v2\/users\/2"}],"replies":[{"embeddable":true,"href":"https:\/\/theworldwidejournal.com\/index.php?rest_route=%2Fwp%2Fv2%2Fcomments&post=71562"}],"version-history":[{"count":0,"href":"https:\/\/theworldwidejournal.com\/index.php?rest_route=\/wp\/v2\/posts\/71562\/revisions"}],"wp:featuredmedia":[{"embeddable":true,"href":"https:\/\/theworldwidejournal.com\/index.php?rest_route=\/wp\/v2\/media\/71563"}],"wp:attachment":[{"href":"https:\/\/theworldwidejournal.com\/index.php?rest_route=%2Fwp%2Fv2%2Fmedia&parent=71562"}],"wp:term":[{"taxonomy":"category","embeddable":true,"href":"https:\/\/theworldwidejournal.com\/index.php?rest_route=%2Fwp%2Fv2%2Fcategories&post=71562"},{"taxonomy":"post_tag","embeddable":true,"href":"https:\/\/theworldwidejournal.com\/index.php?rest_route=%2Fwp%2Fv2%2Ftags&post=71562"}],"curies":[{"name":"wp","href":"https:\/\/api.w.org\/{rel}","templated":true}]}}