{"id":71564,"date":"1970-01-01T01:00:00","date_gmt":"1970-01-01T00:00:00","guid":{"rendered":"https:\/\/theworldwidejournal.com\/1970\/01\/01\/no-cede-la-fiebre-amarilla-72-detenidos-en-paris-para-evitar-incidentes-violentos\/"},"modified":"1970-01-01T01:00:00","modified_gmt":"1970-01-01T00:00:00","slug":"no-cede-la-fiebre-amarilla-72-detenidos-en-paris-para-evitar-incidentes-violentos","status":"publish","type":"post","link":"https:\/\/theworldwidejournal.com\/?p=71564","title":{"rendered":"No cede la fiebre amarilla: 72 detenidos en Par\u00eds para evitar incidentes violentos"},"content":{"rendered":"<p>Las concesiones de Emmanuel Macron, el estado de emergencia terrorista, el fr\u00edo y seis meses de crisis no han hecho bajar la \u00abfiebre amarilla\u00bb. Este s\u00e1bado, al menos 72 personas han sido detenidas en Par\u00eds para impedir incidentes violentos en las manifestaciones de los \u00abchalecos amarillos\u00bb, que en sus primeras horas reunieron a unas 1.000 personas en la capital francesa. En Par\u00eds, el gobierno no descartaba esta ma\u00f1ana m\u00e1s batallas campales, en los Campos El\u00edseos, ante el Arco del Triunfo, en varios puntos estrat\u00e9gicos de la geograf\u00eda parisina, este s\u00e1bado. M\u00e1s de ocho mil soldados, anti disturbios, gendarmes y polic\u00edas han sido movilizados de manera preventiva. En las rotondas de toda Francia, millares o decenas de millares de hombres y mujeres se manifiestan, sin violencia, avanzando un rosario de crecientes reivindicaciones. Tras tres semanas de crisis, Macron cedi\u00f3 total o parcialmente a las primeras reivindicaciones: el precio de los carburantes fue congelado, se anunci\u00f3 una subida de cien euros del salario m\u00ednimo y se proyecta una \u00abrevisi\u00f3n\u00bb de numerosas cargas, tasas e impuestos. Las concesiones de Macron llegaron demasiado tarde: el movimiento de los chalecos amarillos hab\u00eda cambiado, para transformarse en una franquicia de sensibilidades muy diversas. La extrema derecha, la extrema izquierda, muchos pensionistas amenazados por la precariedad, j\u00f3venes de las periferias urbanas de la Francia profunda, consideran ahora \u00abinsuficientes\u00bb las concesiones de Macron, anunciando una \u00abprolongaci\u00f3n\u00bb indefinida de la crisis. Sin organizaci\u00f3n, sin l\u00edderes, sin un cat\u00e1logo concreto de reivindicaciones, la nueva franquicia de los chalecos amarillos es de muy dif\u00edcil \u00abcontento\u00bb o \u00absatisfacci\u00f3n\u00bb. Hace semanas, los chalecos amarillos estaban apoyados por un 70 \/ 80 % de los franceses, que consideraban justas sus reivindicaciones. Ese apoyo ha ca\u00eddo, relativamente. Seg\u00fan una mayor\u00eda de sondeos, de un 50 a un 65 % de los franceses todav\u00eda sienten cierta simpat\u00eda por los chalecos amarillos. Los estallidos rituales de violencia callejera inquietan al Gobierno, a la opini\u00f3n p\u00fablica y a una parte sensible de los chalecos amarillos.<br \/>\nVia: <a href=\"https:\/\/www.abc.es\/internacional\/abci-no-cede-fiebre-amarilla-riesgos-nuevas-batallas-campales-paris-201812151117_noticia.html\" target=\"_blank\">No cede la fiebre amarilla: 72 detenidos en Par\u00eds para evitar incidentes violentos<\/a><\/p>\n","protected":false},"excerpt":{"rendered":"<p>Las concesiones de Emmanuel Macron, el estado de emergencia terrorista, el fr\u00edo y seis meses de crisis no han hecho bajar la \u00abfiebre amarilla\u00bb. Este s\u00e1bado, al menos 72 personas han sido detenidas en Par\u00eds para impedir incidentes violentos en las manifestaciones de los \u00abchalecos amarillos\u00bb, que en sus primeras [&hellip;]<\/p>\n","protected":false},"author":2,"featured_media":71565,"comment_status":"open","ping_status":"closed","sticky":false,"template":"","format":"standard","meta":{"footnotes":""},"categories":[6],"tags":[],"class_list":["post-71564","post","type-post","status-publish","format-standard","has-post-thumbnail","hentry","category-spanish"],"_links":{"self":[{"href":"https:\/\/theworldwidejournal.com\/index.php?rest_route=\/wp\/v2\/posts\/71564","targetHints":{"allow":["GET"]}}],"collection":[{"href":"https:\/\/theworldwidejournal.com\/index.php?rest_route=\/wp\/v2\/posts"}],"about":[{"href":"https:\/\/theworldwidejournal.com\/index.php?rest_route=\/wp\/v2\/types\/post"}],"author":[{"embeddable":true,"href":"https:\/\/theworldwidejournal.com\/index.php?rest_route=\/wp\/v2\/users\/2"}],"replies":[{"embeddable":true,"href":"https:\/\/theworldwidejournal.com\/index.php?rest_route=%2Fwp%2Fv2%2Fcomments&post=71564"}],"version-history":[{"count":0,"href":"https:\/\/theworldwidejournal.com\/index.php?rest_route=\/wp\/v2\/posts\/71564\/revisions"}],"wp:featuredmedia":[{"embeddable":true,"href":"https:\/\/theworldwidejournal.com\/index.php?rest_route=\/wp\/v2\/media\/71565"}],"wp:attachment":[{"href":"https:\/\/theworldwidejournal.com\/index.php?rest_route=%2Fwp%2Fv2%2Fmedia&parent=71564"}],"wp:term":[{"taxonomy":"category","embeddable":true,"href":"https:\/\/theworldwidejournal.com\/index.php?rest_route=%2Fwp%2Fv2%2Fcategories&post=71564"},{"taxonomy":"post_tag","embeddable":true,"href":"https:\/\/theworldwidejournal.com\/index.php?rest_route=%2Fwp%2Fv2%2Ftags&post=71564"}],"curies":[{"name":"wp","href":"https:\/\/api.w.org\/{rel}","templated":true}]}}