{"id":71629,"date":"1970-01-01T01:00:00","date_gmt":"1970-01-01T00:00:00","guid":{"rendered":"https:\/\/theworldwidejournal.com\/1970\/01\/01\/el-77-de-los-espanoles-desaprueba-la-politica-de-sanchez-con-cataluna\/"},"modified":"1970-01-01T01:00:00","modified_gmt":"1970-01-01T00:00:00","slug":"el-77-de-los-espanoles-desaprueba-la-politica-de-sanchez-con-cataluna","status":"publish","type":"post","link":"https:\/\/theworldwidejournal.com\/?p=71629","title":{"rendered":"El 77% de los espa\u00f1oles desaprueba la pol\u00edtica de S\u00e1nchez con Catalu\u00f1a"},"content":{"rendered":"<p>La pol\u00edtica de apaciguamiento del Gobierno para afrontar el desaf\u00edo independentista en Catalu\u00f1a concita cada vez m\u00e1s oposici\u00f3n en el conjunto de Espa\u00f1a, hasta alcanzar hoy el rechazo del 77 por ciento de los ciudadanos. Si hace tres meses los espa\u00f1oles que desaprobaban la estrategia de Pedro S\u00e1nchez eran el 68,3 por ciento, ahora son tres de cada cuatro los que se sit\u00faan enfrente: 8,7 puntos m\u00e1s en solo tres meses. Esta es una de las principales conclusiones del \u00faltimo bar\u00f3metro de GAD3 para ABC. Los datos tambi\u00e9n son contundentes si se hace la lectura contraria: \u00bfCu\u00e1ntos ciudadanos aprueban la relaci\u00f3n que el Gobierno de Pedro S\u00e1nchez mantiene con la Generalitat de Catalu\u00f1a? S\u00f3lo el 13,5 por ciento, algo m\u00e1s de uno de cada diez. Los que se alinean con el Ejecutivo son cada vez menos: 3,3 puntos por debajo de septiembre (16,6 por ciento). Pedro S\u00e1nchez lleg\u00f3 a La Moncloa a primeros de junio, hace ahora poco m\u00e1s de seis meses, y desde entonces puso en marcha un giro radical en la gesti\u00f3n del que se presenta como el principal reto del Gobierno de Espa\u00f1a. S\u00f3lo dos semanas antes de la moci\u00f3n de censura de finales de mayo, el todav\u00eda l\u00edder de la oposici\u00f3n y secretario general del PSOE acudi\u00f3 a la llamada del entonces presidente del Gobierno, Mariano Rajoy, para sellar un acuerdo \u00aben defensa del orden constitucional en Espa\u00f1a y ante los socios europeos\u00bb. Hab\u00eda entonces un bloque constitucionalista, con ciertas fisuras, pero lo hab\u00eda. Sin embargo, en cuanto S\u00e1nchez lleg\u00f3 al Gobierno dio un vuelco a la estrategia en busca de una pol\u00edtica de acercamiento, de apuesta por el di\u00e1logo para crear otro \u00abambiente\u00bb. Transcurridos doscientos d\u00edas, los ciudadanos que no lo respaldan son una creciente mayor\u00eda. Debate en La Moncloa En el momento pol\u00edtico actual, con el pr\u00f3ximo Consejo de Ministros convocado en Barcelona y los CDR independentistas llamando a la insurrecci\u00f3n, el debate est\u00e1 en si el Gobierno debe intervenir la Generalitat -en mayor o menor medida-. La discusi\u00f3n no escapa a las bambalinas del Ejecutivo: \u00bfSe debe aplicar de nuevo el art\u00edculo 155 de la Constituci\u00f3n Espa\u00f1ola para tomar las riendas de las instituciones pol\u00edticas catalanas? Casi la mitad de los ciudadanos encuestados por GAD3 (47,7 por ciento) considera que s\u00ed, frente a un 40,6 por ciento que considera que no. En caso de activarse este mecanismo constitucional, \u00bfc\u00f3mo debe aplicarse? Una mayor\u00eda cel 58,6 por ciento, casi seis de cada diez, solicita una intervenci\u00f3n m\u00e1s intensa que la que se acord\u00f3 el 27 de octubre de 2017 con el acuerdo de PP, PSOE y Ciudadanos. Uno de cada cuatro (el 27,1 por ciento) se muestra partidario de actuar en consonancia con este acuerdo, que implic\u00f3 la intervenci\u00f3n del Gobierno de Catalu\u00f1a y la disoluci\u00f3n del Parlamento catal\u00e1n para convocar inmediatamente elecciones auton\u00f3micas. As\u00ed lo anunci\u00f3 Mariano Rajoy ese mismo d\u00eda en aquella comparecencia pactada con Pedro S\u00e1nchez y Albert Rivera.<br \/>\nVia: <a href=\"https:\/\/www.abc.es\/espana\/abci-77-por-ciento-espanoles-desaprueba-politica-sanchez-cataluna-201812160158_noticia.html\" target=\"_blank\">El 77% de los espa\u00f1oles desaprueba la pol\u00edtica de S\u00e1nchez con Catalu\u00f1a<\/a><\/p>\n","protected":false},"excerpt":{"rendered":"<p>La pol\u00edtica de apaciguamiento del Gobierno para afrontar el desaf\u00edo independentista en Catalu\u00f1a concita cada vez m\u00e1s oposici\u00f3n en el conjunto de Espa\u00f1a, hasta alcanzar hoy el rechazo del 77 por ciento de los ciudadanos. Si hace tres meses los espa\u00f1oles que desaprobaban la estrategia de Pedro S\u00e1nchez eran el [&hellip;]<\/p>\n","protected":false},"author":2,"featured_media":71630,"comment_status":"open","ping_status":"closed","sticky":false,"template":"","format":"standard","meta":{"footnotes":""},"categories":[6],"tags":[],"class_list":["post-71629","post","type-post","status-publish","format-standard","has-post-thumbnail","hentry","category-spanish"],"_links":{"self":[{"href":"https:\/\/theworldwidejournal.com\/index.php?rest_route=\/wp\/v2\/posts\/71629","targetHints":{"allow":["GET"]}}],"collection":[{"href":"https:\/\/theworldwidejournal.com\/index.php?rest_route=\/wp\/v2\/posts"}],"about":[{"href":"https:\/\/theworldwidejournal.com\/index.php?rest_route=\/wp\/v2\/types\/post"}],"author":[{"embeddable":true,"href":"https:\/\/theworldwidejournal.com\/index.php?rest_route=\/wp\/v2\/users\/2"}],"replies":[{"embeddable":true,"href":"https:\/\/theworldwidejournal.com\/index.php?rest_route=%2Fwp%2Fv2%2Fcomments&post=71629"}],"version-history":[{"count":0,"href":"https:\/\/theworldwidejournal.com\/index.php?rest_route=\/wp\/v2\/posts\/71629\/revisions"}],"wp:featuredmedia":[{"embeddable":true,"href":"https:\/\/theworldwidejournal.com\/index.php?rest_route=\/wp\/v2\/media\/71630"}],"wp:attachment":[{"href":"https:\/\/theworldwidejournal.com\/index.php?rest_route=%2Fwp%2Fv2%2Fmedia&parent=71629"}],"wp:term":[{"taxonomy":"category","embeddable":true,"href":"https:\/\/theworldwidejournal.com\/index.php?rest_route=%2Fwp%2Fv2%2Fcategories&post=71629"},{"taxonomy":"post_tag","embeddable":true,"href":"https:\/\/theworldwidejournal.com\/index.php?rest_route=%2Fwp%2Fv2%2Ftags&post=71629"}],"curies":[{"name":"wp","href":"https:\/\/api.w.org\/{rel}","templated":true}]}}