{"id":71635,"date":"1970-01-01T01:00:00","date_gmt":"1970-01-01T00:00:00","guid":{"rendered":"https:\/\/theworldwidejournal.com\/1970\/01\/01\/nos-dijeron-que-pedro-no-iba-a-gobernar-que-solo-queria-echar-a-rajoy\/"},"modified":"1970-01-01T01:00:00","modified_gmt":"1970-01-01T00:00:00","slug":"nos-dijeron-que-pedro-no-iba-a-gobernar-que-solo-queria-echar-a-rajoy","status":"publish","type":"post","link":"https:\/\/theworldwidejournal.com\/?p=71635","title":{"rendered":"\u00abNos dijeron que Pedro no iba a gobernar, que solo quer\u00eda echar a Rajoy\u00bb"},"content":{"rendered":"<p>Las elecciones andaluzas dieron voz a los votantes por primera vez tras la moci\u00f3n de censura. Y su respuesta fue alta y clara: buena parte del electorado socialista no quiere alianzas con el independentismo catal\u00e1n. El pasado mi\u00e9rcoles en el Congreso, el presidente del Gobierno, Pedro S\u00e1nchez, desaprovech\u00f3 una oportunidad perfecta para romper el lazo que le une al secesionismo, y advertir al presidente de la Generalitat, Quim Torra, de las medidas que le esperan si vulnera la legalidad. La preocupaci\u00f3n crece entre las filas socialistas y empieza a mezclarse con un punto de indignaci\u00f3n por c\u00f3mo el PSOE se encuentra donde est\u00e1. \u00abTras la sentencia del caso G\u00fcrtel nos dijeron (la direcci\u00f3n socialista) que nadie entender\u00eda que el PSOE no presentara una moci\u00f3n de censura. Pero que no empez\u00e1ramos a criticar la ayuda que iban a prestarle los independentistas porque Pedro no iba a gobernar con ellos, solo quer\u00eda echar a Rajoy y presentar despu\u00e9s un gran gobierno con el que convocar\u00eda elecciones\u00bb, denuncia un miembro de la bancada socialista. \u00abHay ministros que aceptaron el cargo partiendo de que las elecciones ser\u00edan inminentes. Si todos hubieran sido que iban a gobernar, es posible que m\u00e1s de uno no estar\u00eda sentado hoy en el banco azul\u00bb, coincide otro. \u00abPedro, se acab\u00f3\u00bb Y es que las elecciones que reclaman tanto el PP como Ciudadanos son la \u00fanica salida que, a ojos de que cada vez m\u00e1s diputados socialistas, le queda a S\u00e1nchez para lavar su imagen de aliado del independentismo. No tanto por la convocatoria en s\u00ed misma, sino porque las medidas que necesita tomar para convencer al votante m\u00e1s conservador de que no es reh\u00e9n del independentismo, no le permitir\u00e1n seguir contando con los esca\u00f1os de ERC y PDECat en el Congreso. Y casi con seguridad le restar\u00edan el apoyo de Podemos. Un partido en el que la confluencia catalana tiene todo el peso en el discurso territorial del secretario general, Pablo Iglesias. Sin secesionistas ni Podemos, la \u00fanica alternativa que le quedar\u00eda a los socialistas ser\u00eda apoyarse en el PP. Una v\u00eda muerta habiendo expulsado a Mariano Rajoy de Moncloa v\u00eda moci\u00f3n de censura. Si rompes un puente no puedes pasar a la otra orilla, ser\u00eda el resumen. Incluso aunque Casado quisiera pactar con los socialistas no podr\u00eda hacerlo por la contestaci\u00f3n interna que recibir\u00eda. As\u00ed es como concluyen los diputados cr\u00edticos con S\u00e1nchez que \u00abno hay salida, tiene que convocar elecciones\u00bb. Seg\u00fan estas mismas fuentes, personas del entorno del presidente le est\u00e1n dando ya el mismo consejo. \u00abPedro, esto se acab\u00f3\u00bb han trasladado al l\u00edder en los \u00faltimos d\u00edas. Sin embargo, esta tesis no es un\u00e1nime en el c\u00edrculo del presidente. Los diputados m\u00e1s pr\u00f3ximos a S\u00e1nchez consideran que la petici\u00f3n de elecciones de los cr\u00edticos responde \u00fanicamente al deseo de \u00e9stos de volver a controlar el partido, sabiendo que el presidente podr\u00eda perder el poder a manos de la suma del centro-derecha. No en vano, la abrumadora victoria de S\u00e1nchez en las \u00faltimas primarias le permiti\u00f3 barrer de cargo a cualquier opositor y establecer una ejecutiva formada \u00fanicamente por fieles en la que el sector cr\u00edtico con el sanchismo carece de representaci\u00f3n alguna. \u00ab\u00bfC\u00f3mo vamos a ir a elecciones cuando Vox est\u00e1 en pleno ascenso y no tenemos a\u00fan resultados para echarle el freno?\u00bb, argumentan, en alusi\u00f3n a la falta de respuesta de la Generalitat a los gestos de pacificaci\u00f3n realizados por S\u00e1nchez. Seguir\u00e1 gobernando No parece que la convocatoria de comicios entre ahora en el plan del jefe del Ejecutivo y de ah\u00ed la inquietud creciente en la bancada socialista. El pasado mi\u00e9rcoles en el Pleno, S\u00e1nchez dej\u00f3 ver su intenci\u00f3n de seguir gobernando porque, a su juicio, queda mucho por hacer. Y esta misma idea es la que varios de sus ministros dicen que les est\u00e1 trasladando. S\u00e1nchez tambi\u00e9n comparti\u00f3 esta semana su intenci\u00f3n de continuar ocupando el sill\u00f3n de Moncloa con los secretarios regionales del PSOE a los que cit\u00f3 el pasado mi\u00e9rcoles para abordar la estrategia electoral ante los comicios de mayo. El presidente cuenta a su favor con el pavor que la convocatoria de unas elecciones generales despierta entre los partidos independentistas una vez comprobada la movilizaci\u00f3n de la derecha y la posible entrada de Vox y sus aires recentralizadores en el Congreso. \u00abEstamos deseando poder aprobar los Presupuestos\u00bb, admit\u00eda esta semana a puerta cerrada un dirigente independentista en Madrid. Si S\u00e1nchez y Torra acuerdan reunirse el 21 de diciembre en Barcelona, con toda seguridad el presidente socialista intentar\u00e1 allanar el camino para la aprobaci\u00f3n de las nuevas cuentas y conseguir as\u00ed carta blanca para seguir gobernando hasta 2020.<br \/>\nVia: <a href=\"https:\/\/www.abc.es\/espana\/abci-dijeron-pedro-no-gobernar-solo-queria-echar-rajoy-201812160203_noticia.html\" target=\"_blank\">\u00abNos dijeron que Pedro no iba a gobernar, que solo quer\u00eda echar a Rajoy\u00bb<\/a><\/p>\n","protected":false},"excerpt":{"rendered":"<p>Las elecciones andaluzas dieron voz a los votantes por primera vez tras la moci\u00f3n de censura. Y su respuesta fue alta y clara: buena parte del electorado socialista no quiere alianzas con el independentismo catal\u00e1n. El pasado mi\u00e9rcoles en el Congreso, el presidente del Gobierno, Pedro S\u00e1nchez, desaprovech\u00f3 una oportunidad [&hellip;]<\/p>\n","protected":false},"author":2,"featured_media":71636,"comment_status":"open","ping_status":"closed","sticky":false,"template":"","format":"standard","meta":{"footnotes":""},"categories":[6],"tags":[],"class_list":["post-71635","post","type-post","status-publish","format-standard","has-post-thumbnail","hentry","category-spanish"],"_links":{"self":[{"href":"https:\/\/theworldwidejournal.com\/index.php?rest_route=\/wp\/v2\/posts\/71635","targetHints":{"allow":["GET"]}}],"collection":[{"href":"https:\/\/theworldwidejournal.com\/index.php?rest_route=\/wp\/v2\/posts"}],"about":[{"href":"https:\/\/theworldwidejournal.com\/index.php?rest_route=\/wp\/v2\/types\/post"}],"author":[{"embeddable":true,"href":"https:\/\/theworldwidejournal.com\/index.php?rest_route=\/wp\/v2\/users\/2"}],"replies":[{"embeddable":true,"href":"https:\/\/theworldwidejournal.com\/index.php?rest_route=%2Fwp%2Fv2%2Fcomments&post=71635"}],"version-history":[{"count":0,"href":"https:\/\/theworldwidejournal.com\/index.php?rest_route=\/wp\/v2\/posts\/71635\/revisions"}],"wp:featuredmedia":[{"embeddable":true,"href":"https:\/\/theworldwidejournal.com\/index.php?rest_route=\/wp\/v2\/media\/71636"}],"wp:attachment":[{"href":"https:\/\/theworldwidejournal.com\/index.php?rest_route=%2Fwp%2Fv2%2Fmedia&parent=71635"}],"wp:term":[{"taxonomy":"category","embeddable":true,"href":"https:\/\/theworldwidejournal.com\/index.php?rest_route=%2Fwp%2Fv2%2Fcategories&post=71635"},{"taxonomy":"post_tag","embeddable":true,"href":"https:\/\/theworldwidejournal.com\/index.php?rest_route=%2Fwp%2Fv2%2Ftags&post=71635"}],"curies":[{"name":"wp","href":"https:\/\/api.w.org\/{rel}","templated":true}]}}