{"id":71700,"date":"1970-01-01T01:00:00","date_gmt":"1970-01-01T00:00:00","guid":{"rendered":"https:\/\/theworldwidejournal.com\/1970\/01\/01\/casado-llama-desequlibrado-a-torra-e-insta-a-sanchez-a-tomar-ya-el-control-de-los-mossos\/"},"modified":"1970-01-01T01:00:00","modified_gmt":"1970-01-01T00:00:00","slug":"casado-llama-desequlibrado-a-torra-e-insta-a-sanchez-a-tomar-ya-el-control-de-los-mossos","status":"publish","type":"post","link":"https:\/\/theworldwidejournal.com\/?p=71700","title":{"rendered":"Casado llama \u00abdesequlibrado\u00bb a Torra e insta a S\u00e1nchez a tomar ya el control de los Mossos"},"content":{"rendered":"<p>El l\u00edder del PP, Pablo Casado, ha calificado hoy de \u201cdesequilibrado\u201d al presidente de la Generalitat, Quim Torra, a quien el jefe del Ejecutivo, Pedro S\u00e1nchez, deber\u00eda comunicar su cese inmediato en la reuni\u00f3n que podr\u00edan mantener el pr\u00f3ximo viernes en Barcelona. Durante un mitin en Barcelona de presentaci\u00f3n de los candidatos municipales para los comicios de mayo, Pablo Casado ha aludido a la \u201creuni\u00f3n indecente\u201d que S\u00e1nchez pretende mantener con Torra la pr\u00f3xima semana, un encuentro que en realidad deber\u00eda servir \u201cpara explicarle cu\u00e1ndo y c\u00f3mo se aplica el 155, c\u00f3mo se toma el control de los Mossos y como se le cesa de manera fulminante\u201d. En este contexto, Casado ha reprochado a S\u00e1nchez que trate de perseverar por la v\u00eda del di\u00e1logo y el apaciguamiento con un Torra que, ha recordado, aboga por el \u201cderramamiento de sangre\u201d, apuntando a la v\u00eda eslovena, y que llama \u201ccarro\u00f1eros, hienas y v\u00edboras\u201d a los espa\u00f1oles. \u201cQuien dice eso es un desequilibrado, y no es un insulto\u201d, ha a\u00f1adido. Casado, que ha se\u00f1alado que si no fuera por el PP \u201cCatalu\u00f1a ser\u00eda hoy un estado independiente\u201d, ha insistido en la urgencia de tomar el control de la polic\u00eda auton\u00f3mica ante lo que ha definido de \u201cterrorismo urbano\u201d, en alusi\u00f3n a los escarches, pintadas y amenazas que, ha recordado, sufren los l\u00edderes constitucionalistas en esta comunidad. &#8220;Nos avala la naci\u00f3n espa\u00f1ola&#8221; Sobre la situaci\u00f3n en Catalu\u00f1a, Catalu\u00f1a ha prevenido contra las &#8220;falsas expectativas&#8221; de parte del independentismo, que dice que ahora van por &#8220;el buen camino&#8221;, apuntando que &#8220;ning\u00fan consenso entre partidos o expectativa de di\u00e1logo nos puede llevar a estar por encima del consenso social que nos llama a actuar&#8221;. &#8220;Cuando llegue a ser presidente, mi primera medida ser\u00e1 aplicar el 155 en el primer consejo de ministos, sin esperar a consensos o di\u00e1logo. Nos avala la naci\u00f3n espa\u00f1ola&#8221;, ha se\u00f1alado Casado. Por contra, y tambi\u00e9n dirigi\u00e9dose a Pedro S\u00e1nchez, le ha acusado de &#8220;igual que Zapatero&#8221;, estar &#8220;dipuesto a cargarse la soberan\u00eda nacional y la legitimidad de las Cortes trayendo un texto de reforma inconstitucional del Estatuto&#8221;, tal y como les pidi\u00f3 S\u00e1nchez a los partidos independentistas el pasado mi\u00e9rcoles en el Congreso, &#8220;Quiere que ese Estatut pase por el rodillo de la mayor\u00eda vergonzante de la moci\u00f3n de censura formada por podemitas, batasunos, indepenendistas&#8221;. Casado ha desempolvado el Pacto del Tinell para acusar al PSOE de intentar una reedici\u00f3n del mismo. &#8220;Los espa\u00f1oles ya le han tomado la matr\u00edcula. El radical, quien se ha cargado la convivencia, es \u00e9l&#8221;, ha a\u00f1adido el popular. El candidato Josep Bou, escalador si hace falta Casado ha presentado a los cabezas de lista del PP en las capitales de provincia -Concepci\u00f3 Veray, Gerona; Xavi Palau, L\u00e9rida; Jos\u00e9 Luis Mart\u00edn, Tarragona, y Josep Bou, Barcelona- en unos comicios que, sobre todo en Barcelona, se presentan muy complicados para los populares. Barcelona ser\u00e1 clave para el PP , en una ciudad que con la candidatura de Manuel Valls, y la irrupci\u00f3n de Vox, las encuestas sit\u00faan al PP sin representaci\u00f3n. El candidato Josep Bou ha debutado en su primer mitin, una intervenci\u00f3n que por su estilo y desenvoltura ha causado impacto. \u00c9l mismo ha reconocido que no es pol\u00edtico, y a fe que su intervenci\u00f3n no ha sido la de un pol\u00edtico al uso. Entre sus compromisos -lucha contra el separatismo, empleo y vivienda-, ha recordado su condici\u00f3n de experto escalador para prometer que incluso que esta dispuesto a bajar \u201crapelando\u201d la pared del Ayuntamiento si hace falta \u201cpara quitar el lazo amarillo colocado por Ada Colau\u201d. Las caras de sorpresa con las que los dirigentes del PP han seguido su intervenci\u00f3n indica a las claras que la elecci\u00f3n de Bou dar\u00e1 que hablar. El expresidente de Empresaris de Catalu\u00f1a ha explicado que su verdadera motivaci\u00f3n es la de evitar que Barcelona siga en manos del populismo o pase a ser gobernada por el independentismo.<br \/>\nVia: <a href=\"https:\/\/www.abc.es\/espana\/catalunya\/politica\/abci-casado-llama-desequlibrado-torra-insta-sanchez-tomar-control-mossos-201812161406_noticia.html\" target=\"_blank\">Casado llama \u00abdesequlibrado\u00bb a Torra e insta a S\u00e1nchez a tomar ya el control de los Mossos<\/a><\/p>\n","protected":false},"excerpt":{"rendered":"<p>El l\u00edder del PP, Pablo Casado, ha calificado hoy de \u201cdesequilibrado\u201d al presidente de la Generalitat, Quim Torra, a quien el jefe del Ejecutivo, Pedro S\u00e1nchez, deber\u00eda comunicar su cese inmediato en la reuni\u00f3n que podr\u00edan mantener el pr\u00f3ximo viernes en Barcelona. Durante un mitin en Barcelona de presentaci\u00f3n de [&hellip;]<\/p>\n","protected":false},"author":2,"featured_media":71701,"comment_status":"open","ping_status":"closed","sticky":false,"template":"","format":"standard","meta":{"footnotes":""},"categories":[6],"tags":[],"class_list":["post-71700","post","type-post","status-publish","format-standard","has-post-thumbnail","hentry","category-spanish"],"_links":{"self":[{"href":"https:\/\/theworldwidejournal.com\/index.php?rest_route=\/wp\/v2\/posts\/71700","targetHints":{"allow":["GET"]}}],"collection":[{"href":"https:\/\/theworldwidejournal.com\/index.php?rest_route=\/wp\/v2\/posts"}],"about":[{"href":"https:\/\/theworldwidejournal.com\/index.php?rest_route=\/wp\/v2\/types\/post"}],"author":[{"embeddable":true,"href":"https:\/\/theworldwidejournal.com\/index.php?rest_route=\/wp\/v2\/users\/2"}],"replies":[{"embeddable":true,"href":"https:\/\/theworldwidejournal.com\/index.php?rest_route=%2Fwp%2Fv2%2Fcomments&post=71700"}],"version-history":[{"count":0,"href":"https:\/\/theworldwidejournal.com\/index.php?rest_route=\/wp\/v2\/posts\/71700\/revisions"}],"wp:featuredmedia":[{"embeddable":true,"href":"https:\/\/theworldwidejournal.com\/index.php?rest_route=\/wp\/v2\/media\/71701"}],"wp:attachment":[{"href":"https:\/\/theworldwidejournal.com\/index.php?rest_route=%2Fwp%2Fv2%2Fmedia&parent=71700"}],"wp:term":[{"taxonomy":"category","embeddable":true,"href":"https:\/\/theworldwidejournal.com\/index.php?rest_route=%2Fwp%2Fv2%2Fcategories&post=71700"},{"taxonomy":"post_tag","embeddable":true,"href":"https:\/\/theworldwidejournal.com\/index.php?rest_route=%2Fwp%2Fv2%2Ftags&post=71700"}],"curies":[{"name":"wp","href":"https:\/\/api.w.org\/{rel}","templated":true}]}}