{"id":71841,"date":"1970-01-01T01:00:00","date_gmt":"1970-01-01T00:00:00","guid":{"rendered":"https:\/\/theworldwidejournal.com\/1970\/01\/01\/el-supremo-rebaja-de-dos-anos-a-uno-la-inhabilitacion-de-artur-mas-por-la-consulta-ilegal-del-9-n\/"},"modified":"1970-01-01T01:00:00","modified_gmt":"1970-01-01T00:00:00","slug":"el-supremo-rebaja-de-dos-anos-a-uno-la-inhabilitacion-de-artur-mas-por-la-consulta-ilegal-del-9-n","status":"publish","type":"post","link":"https:\/\/theworldwidejournal.com\/?p=71841","title":{"rendered":"El Supremo rebaja de dos a\u00f1os a uno la inhabilitaci\u00f3n de Artur Mas por la consulta ilegal del 9-N"},"content":{"rendered":"<p>El Tribunal Supremo ha reducido a un a\u00f1o y un mes la condena de inhabilitaci\u00f3n impuesta a Artur Mas por la consulta del 9-N de 2014. La Sala Segunda equipara as\u00ed esta condena con la de Francesc Homs por un delito de desobediencia. A diferencia del expresidente de la Generalitat, que fue juzgado por el TSJ de Catalu\u00f1a, Homs lo fue en el Supremo por su condici\u00f3n de aforado (era diputado nacional). Este segundo juicio se celebr\u00f3 tres semanas despu\u00e9s que el de Mas. Junto con el recurso de casaci\u00f3n de Mas, la Sala ha resuelto tambi\u00e9n los interpuestos por la exvicepresidenta Joana Ortega y la exconsellera de Educaci\u00f3n Irene Rigau contra la sentencia del Tribunal Superior de Justicia de Catalu\u00f1a que les conden\u00f3 como autores de un delito de desobediencia a las penas de multa e inhabilitaci\u00f3n especial. El Tribunal Supremo ha confirmado todos los pronunciamientos de la sentencia impugnada, a excepci\u00f3n de lo que se refiere a las penas de inhabilitaci\u00f3n especial, que en el caso de Mas ha quedado en un a\u00f1o y un mes (fue condenado a dos); 9 meses para Joana Ortega (fue condenada a un a\u00f1o y 9 meses) y 6 meses para Irene Rigau (ven\u00eda de una condena de un a\u00f1o y seis meses). En su sentencia, el tribunal superior de justicia se\u00f1al\u00f3 que el expresidente de la Generalitat \u00abnada hizo\u00bb para suspender o paralizar la consulta alternativa del 9-N \u00aba pesar de tener un perfecto conocimiento del contenido y efectos\u00bb de la providencia dictada por el TC el 4 de noviembre del 2014. Con esa actitud, a\u00f1ad\u00eda, \u00abpervirti\u00f3 los principios de la democracia b\u00e1sicos para la convivencia pac\u00edfica\u00bb. El pasado mes de noviembre el Tribunal de Cuentas conden\u00f3 al expresidente catal\u00e1n Artur Mas, a la exvicepresidenta Joana Ortega y a los exconsejeros Francesc Homs e Irene Rigau a reintegrar al Estado 4,9 millones de euros indebidamente utilizados en la financiaci\u00f3n de aquella consulta.<br \/>\nVia: <a href=\"https:\/\/www.abc.es\/espana\/abci-supremo-rebaja-inhabilitacion-mas-consulta-ilegal-201812171313_noticia.html\" target=\"_blank\">El Supremo rebaja de dos a\u00f1os a uno la inhabilitaci\u00f3n de Artur Mas por la consulta ilegal del 9-N<\/a><\/p>\n","protected":false},"excerpt":{"rendered":"<p>El Tribunal Supremo ha reducido a un a\u00f1o y un mes la condena de inhabilitaci\u00f3n impuesta a Artur Mas por la consulta del 9-N de 2014. La Sala Segunda equipara as\u00ed esta condena con la de Francesc Homs por un delito de desobediencia. A diferencia del expresidente de la Generalitat, [&hellip;]<\/p>\n","protected":false},"author":2,"featured_media":71842,"comment_status":"open","ping_status":"closed","sticky":false,"template":"","format":"standard","meta":{"footnotes":""},"categories":[6],"tags":[],"class_list":["post-71841","post","type-post","status-publish","format-standard","has-post-thumbnail","hentry","category-spanish"],"_links":{"self":[{"href":"https:\/\/theworldwidejournal.com\/index.php?rest_route=\/wp\/v2\/posts\/71841","targetHints":{"allow":["GET"]}}],"collection":[{"href":"https:\/\/theworldwidejournal.com\/index.php?rest_route=\/wp\/v2\/posts"}],"about":[{"href":"https:\/\/theworldwidejournal.com\/index.php?rest_route=\/wp\/v2\/types\/post"}],"author":[{"embeddable":true,"href":"https:\/\/theworldwidejournal.com\/index.php?rest_route=\/wp\/v2\/users\/2"}],"replies":[{"embeddable":true,"href":"https:\/\/theworldwidejournal.com\/index.php?rest_route=%2Fwp%2Fv2%2Fcomments&post=71841"}],"version-history":[{"count":0,"href":"https:\/\/theworldwidejournal.com\/index.php?rest_route=\/wp\/v2\/posts\/71841\/revisions"}],"wp:featuredmedia":[{"embeddable":true,"href":"https:\/\/theworldwidejournal.com\/index.php?rest_route=\/wp\/v2\/media\/71842"}],"wp:attachment":[{"href":"https:\/\/theworldwidejournal.com\/index.php?rest_route=%2Fwp%2Fv2%2Fmedia&parent=71841"}],"wp:term":[{"taxonomy":"category","embeddable":true,"href":"https:\/\/theworldwidejournal.com\/index.php?rest_route=%2Fwp%2Fv2%2Fcategories&post=71841"},{"taxonomy":"post_tag","embeddable":true,"href":"https:\/\/theworldwidejournal.com\/index.php?rest_route=%2Fwp%2Fv2%2Ftags&post=71841"}],"curies":[{"name":"wp","href":"https:\/\/api.w.org\/{rel}","templated":true}]}}