{"id":7327,"date":"2017-09-19T16:09:55","date_gmt":"2017-09-19T14:09:55","guid":{"rendered":"https:\/\/theworldwidejournal.com\/2017\/09\/19\/viraje-de-mes-hacia-el-soberanismo-referendum-en-baleares-en-2030\/"},"modified":"2017-09-19T16:09:55","modified_gmt":"2017-09-19T14:09:55","slug":"viraje-de-mes-hacia-el-soberanismo-referendum-en-baleares-en-2030","status":"publish","type":"post","link":"https:\/\/theworldwidejournal.com\/?p=7327","title":{"rendered":"Viraje de M\u00c9S hacia el soberanismo: refer\u00e9ndum en Baleares en 2030"},"content":{"rendered":"<p>El lento camino hacia el soberanismo iniciado a\u00f1os atr\u00e1s por la coalici\u00f3n econacionalista M\u00c9S por Mallorca podr\u00eda concretarse expl\u00edcita y definitivamente en la asamblea que la citada formaci\u00f3n celebrar\u00e1 el pr\u00f3ximo 28 de octubre. Tal como avanz\u00f3 la pasada semana el diario \u00ab\u00daltima Hora\u00bb, en dicha asamblea ser\u00e1 debatido un documento en el que se aboga por la \u00absoberan\u00eda plena\u00bb y la creaci\u00f3n de un estado propio \u2014la Rep\u00fablica de Mallorca\u2014 en el horizonte de 2030. Para ello ser\u00eda necesaria la celebraci\u00f3n previa de un refer\u00e9ndum. A ese hipot\u00e9tico nuevo estado se podr\u00edan sumar luego Menorca, Ibiza y Formentera. El citado documento fue aprobado inicialmente este lunes por el Consejo Pol\u00edtico de M\u00c9S. Cabe recordar que en la presente legislatura M\u00c9S por Mallorca gobierna en las principales instituciones de Baleares, incluidas el Gobierno balear, el Ayuntamiento de Palma y el Consell de Mallorca. En el Ejecutivo auton\u00f3mico, que preside la socialista Francina Armengol, el vicepresidente es el econacionalista Biel Barcel\u00f3. Armengol cuenta adem\u00e1s con el apoyo externo de Podemos y de M\u00c9S por Menorca. Por lo que se refiere al consistorio palmesano y a la principal instituci\u00f3n insular, est\u00e1n presididos por los econacionalistas Antoni Noguera y Miquel Ensenyat, respectivamente, con el apoyo en ambos casos del PSOE y de Podemos. El viraje hacia el soberanismo lo inici\u00f3 M\u00c9S por Mallorca en 2013. En aquel momento gobernaba en el Gobierno regional el popular Jos\u00e9 Ram\u00f3n Bauz\u00e1, mientras que el PSOE era el principal partido de la oposici\u00f3n. En noviembre de aquel a\u00f1o, la formaci\u00f3n mayoritaria en M\u00c9S, el Partido Socialista de Mallorca (PSM), aprob\u00f3 un acuerdo de colaboraci\u00f3n con Esquerra Republicana, en el que ambos partidos se reconoc\u00edan mutuamente como \u00abreferentes del soberanismo progresista\u00bb en sus respectivos territorios. Hasta aquel momento, M\u00c9S se hab\u00eda ubicado en una posici\u00f3n ideol\u00f3gica que abarcaba desde el centro-izquierda nacionalista y ecologista hasta planteamientos federalistas o incluso soberanistas e independentistas, sin que ninguna de esas posiciones se hubiera impuesto de manera clara y definitiva sobre la otra. Desde entonces, los pasos de M\u00c9S por Mallorca hacia el independentismo se han empezado a acelerar, en especial en la presente legislatura. En ese contexto, cabe recordar que una representaci\u00f3n de dicha coalici\u00f3n particip\u00f3 el pasado 11 de septiembre en Barcelona en los actos \u00abinstitucionales y reivindicativos\u00bb de la Diada, \u00aben apoyo al derecho a decidir y a las ansias de libertad del pueblo catal\u00e1n\u00bb. M\u00c9S apoya de manera expl\u00edcita el refer\u00e9ndum ilegal del 1 de octubre. \u00abHoy m\u00e1s que nunca era necesario que estuvi\u00e9ramos en Barcelona, para apoyar al pueblo catal\u00e1n en su ansia democr\u00e1tica de decidir libremente su futuro\u00bb, afirm\u00f3 la pasada semana la coportavoz de M\u00c9S en el Parlamento balear, Bel Busquets, para a\u00f1adir: \u00abLa solidaridad es la poes\u00eda entre los pueblos\u00bb. Seg\u00fan Busquets, M\u00c9S por Mallorca siempre estar\u00e1 \u00abal lado de la gente que pida democracia y libertad\u00bb. Para los econacionalistas mallorquines, en Catalu\u00f1a se est\u00e1 viviendo \u00abel principal proceso de ruptura\u00bb con \u00abel r\u00e9gimen corrupto, centralizador y oligop\u00f3lico\u00bb del Estado espa\u00f1ol. \u00abM\u00e1s all\u00e1 de si simpatizamos con el &#8216;s\u00ed&#8217; o el &#8216;no&#8217;, todos los progresistas tenemos que saludar el refer\u00e9ndum del 1 de octubre\u00bb, reconoc\u00edan desde M\u00c9S. M\u00e1s recientemente, la Associaci\u00f3 Avan\u00e7am pel dret a decidir (Asociaci\u00f3n Avanzamos por el derecho a decidir) ha convocado para este mi\u00e9rcoles un acto de apoyo \u00aba los alcaldes y concejales del Principado encausados por ceder locales municipales para el 1-O\u00bb. La citada entidad est\u00e1 conformada esencialmente por alcaldes y ediles de M\u00c9S por Mallorca. El lema de la concentraci\u00f3n ser\u00e1 \u00abPel dret a decidir, la democr\u00e0cia i les llibertats\u00bb (\u00abPor el derecho a decidir, la democracia y las libertades\u00bb). La deriva de M\u00c9S se est\u00e1 produciendo ahora incluso en lo referente al lenguaje utilizado para criticar a sus adversarios pol\u00edticos. Lejos de la moderaci\u00f3n y de las buenas formas de las que hac\u00edan gala los econacionalistas en legislaturas pasadas, en el presente mandato los ataques al PP son extremadamente duros casi en cada comparecencia. En ese contexto, el portavoz de M\u00c9S por Mallorca, David Abril, calific\u00f3 ayer de \u00abneofascista\u00bb la reuni\u00f3n que el PP celebrar\u00e1 este fin de semana en Palma, que contar\u00e1 con la presencia de dirigentes auton\u00f3micos populares de toda Espa\u00f1a. El presidente del Gobierno y del PP, Mariano Rajoy, asistir\u00e1 tambi\u00e9n a dicho encuentro. En respuesta al calificativo utilizado por Abril, el presidente del PP de Baleares, Biel Company, ha pedido este martes al citado diputado econacionalista que se retracte o que, de no hacerlo, dimita de su cargo. Los populares han presentado adem\u00e1s una queja formal en el Parlamento regional por las palabras de Abril. Para Company, las expresiones utilizadas por el portavoz de M\u00c9S son \u00abinsultantes, maleducadas y sobre todo antidemocr\u00e1ticas e indignas de una persona que est\u00e1 representando a la sociedad en esta C\u00e1mara\u00bb. Por su parte, Abril ha respondido a Company, ante los medios de comunicaci\u00f3n, diciendo que \u00abpuede esperar sentado\u00bb, en relaci\u00f3n a una posible renuncia suya. Asimismo, ha se\u00f1alado que s\u00f3lo dimitir\u00e1 \u00abcuando el PP pida perd\u00f3n a esta tierra por todo el mal que ha causado y por todo lo que ha robado y devuelva el dinero, ese d\u00eda yo dimitir\u00e9 y me ir\u00e9 content\u00edsimo y satisfecho del trabajo hecho\u00bb.<br \/>\nVia: <a href=\"http:\/\/www.abc.es\/espana\/abci-lento-viraje-inicial-hacia-soberanismo-acelera-201709191409_noticia.html\" target=\"_blank\">Viraje de M\u00c9S hacia el soberanismo: refer\u00e9ndum en Baleares en 2030<\/a><\/p>\n","protected":false},"excerpt":{"rendered":"<p>El lento camino hacia el soberanismo iniciado a\u00f1os atr\u00e1s por la coalici\u00f3n econacionalista M\u00c9S por Mallorca podr\u00eda concretarse expl\u00edcita y definitivamente en la asamblea que la citada formaci\u00f3n celebrar\u00e1 el pr\u00f3ximo 28 de octubre. Tal como avanz\u00f3 la pasada semana el diario \u00ab\u00daltima Hora\u00bb, en dicha asamblea ser\u00e1 debatido un [&hellip;]<\/p>\n","protected":false},"author":2,"featured_media":7328,"comment_status":"open","ping_status":"closed","sticky":false,"template":"","format":"standard","meta":{"footnotes":""},"categories":[6],"tags":[],"class_list":["post-7327","post","type-post","status-publish","format-standard","has-post-thumbnail","hentry","category-spanish"],"_links":{"self":[{"href":"https:\/\/theworldwidejournal.com\/index.php?rest_route=\/wp\/v2\/posts\/7327","targetHints":{"allow":["GET"]}}],"collection":[{"href":"https:\/\/theworldwidejournal.com\/index.php?rest_route=\/wp\/v2\/posts"}],"about":[{"href":"https:\/\/theworldwidejournal.com\/index.php?rest_route=\/wp\/v2\/types\/post"}],"author":[{"embeddable":true,"href":"https:\/\/theworldwidejournal.com\/index.php?rest_route=\/wp\/v2\/users\/2"}],"replies":[{"embeddable":true,"href":"https:\/\/theworldwidejournal.com\/index.php?rest_route=%2Fwp%2Fv2%2Fcomments&post=7327"}],"version-history":[{"count":0,"href":"https:\/\/theworldwidejournal.com\/index.php?rest_route=\/wp\/v2\/posts\/7327\/revisions"}],"wp:featuredmedia":[{"embeddable":true,"href":"https:\/\/theworldwidejournal.com\/index.php?rest_route=\/wp\/v2\/media\/7328"}],"wp:attachment":[{"href":"https:\/\/theworldwidejournal.com\/index.php?rest_route=%2Fwp%2Fv2%2Fmedia&parent=7327"}],"wp:term":[{"taxonomy":"category","embeddable":true,"href":"https:\/\/theworldwidejournal.com\/index.php?rest_route=%2Fwp%2Fv2%2Fcategories&post=7327"},{"taxonomy":"post_tag","embeddable":true,"href":"https:\/\/theworldwidejournal.com\/index.php?rest_route=%2Fwp%2Fv2%2Ftags&post=7327"}],"curies":[{"name":"wp","href":"https:\/\/api.w.org\/{rel}","templated":true}]}}