{"id":7366,"date":"2017-09-19T20:08:12","date_gmt":"2017-09-19T18:08:12","guid":{"rendered":"https:\/\/theworldwidejournal.com\/2017\/09\/19\/des-deputes-centristes-choyes-par-le-gouvernement\/"},"modified":"2017-09-19T20:08:12","modified_gmt":"2017-09-19T18:08:12","slug":"des-deputes-centristes-choyes-par-le-gouvernement","status":"publish","type":"post","link":"https:\/\/theworldwidejournal.com\/?p=7366","title":{"rendered":"Des d\u00e9put\u00e9s centristes choy\u00e9s par le gouvernement"},"content":{"rendered":"<p>Le groupe Modem \u00e0 l\u2019Assembl\u00e9e qui organisait lundi et mardi ses journ\u00e9es parlementaires a eu droit \u00e0 la visite du Premier ministre, Edouard Philippe, et \u00e0 celle du ministre de l\u2019Action et des Comptes publics, G\u00e9rald Darmanin.<br \/>\nVia: <a href=\"http:\/\/www.liberation.fr\/france\/2017\/09\/19\/des-deputes-centristes-choyes-par-le-gouvernement_1597497?xtor=rss-450\" target=\"_blank\">Des d\u00e9put\u00e9s centristes choy\u00e9s par le gouvernement<\/a><\/p>\n","protected":false},"excerpt":{"rendered":"<p>Le groupe Modem \u00e0 l\u2019Assembl\u00e9e qui organisait lundi et mardi ses journ\u00e9es parlementaires a eu droit \u00e0 la visite du Premier ministre, Edouard Philippe, et \u00e0 celle du ministre de l\u2019Action et des Comptes publics, G\u00e9rald Darmanin. Via: Des d\u00e9put\u00e9s centristes choy\u00e9s par le gouvernement<\/p>\n","protected":false},"author":2,"featured_media":0,"comment_status":"open","ping_status":"closed","sticky":false,"template":"","format":"standard","meta":{"footnotes":""},"categories":[4],"tags":[],"class_list":["post-7366","post","type-post","status-publish","format-standard","hentry","category-french"],"_links":{"self":[{"href":"https:\/\/theworldwidejournal.com\/index.php?rest_route=\/wp\/v2\/posts\/7366","targetHints":{"allow":["GET"]}}],"collection":[{"href":"https:\/\/theworldwidejournal.com\/index.php?rest_route=\/wp\/v2\/posts"}],"about":[{"href":"https:\/\/theworldwidejournal.com\/index.php?rest_route=\/wp\/v2\/types\/post"}],"author":[{"embeddable":true,"href":"https:\/\/theworldwidejournal.com\/index.php?rest_route=\/wp\/v2\/users\/2"}],"replies":[{"embeddable":true,"href":"https:\/\/theworldwidejournal.com\/index.php?rest_route=%2Fwp%2Fv2%2Fcomments&post=7366"}],"version-history":[{"count":0,"href":"https:\/\/theworldwidejournal.com\/index.php?rest_route=\/wp\/v2\/posts\/7366\/revisions"}],"wp:attachment":[{"href":"https:\/\/theworldwidejournal.com\/index.php?rest_route=%2Fwp%2Fv2%2Fmedia&parent=7366"}],"wp:term":[{"taxonomy":"category","embeddable":true,"href":"https:\/\/theworldwidejournal.com\/index.php?rest_route=%2Fwp%2Fv2%2Fcategories&post=7366"},{"taxonomy":"post_tag","embeddable":true,"href":"https:\/\/theworldwidejournal.com\/index.php?rest_route=%2Fwp%2Fv2%2Ftags&post=7366"}],"curies":[{"name":"wp","href":"https:\/\/api.w.org\/{rel}","templated":true}]}}