{"id":7534,"date":"2017-09-21T02:29:26","date_gmt":"2017-09-21T00:29:26","guid":{"rendered":"https:\/\/theworldwidejournal.com\/2017\/09\/21\/el-referendum-por-la-independencia-de-cataluna-ultimas-noticias\/"},"modified":"2017-09-21T02:29:26","modified_gmt":"2017-09-21T00:29:26","slug":"el-referendum-por-la-independencia-de-cataluna-ultimas-noticias","status":"publish","type":"post","link":"https:\/\/theworldwidejournal.com\/?p=7534","title":{"rendered":"El refer\u00e9ndum por la independencia de Catalu\u00f1a, \u00faltimas noticias"},"content":{"rendered":"<p>Centenares de personas convocadas por la CUP y las entidades independentistas se han concentrado desde primera hora de esta tarde para protestar por las 14 detenciones de altos cargos de la Generalitat frente a cuatro consejer\u00edas del Gobierno catal\u00e1n en Barcelona: Econom\u00eda, Gobernaci\u00f3n, Exteriores y Trabajo. \u00a0A medianoche ya solo quedaban congregados medio millar de personas frente a la consejer\u00eda de Econom\u00eda, en la esquina de Rambla Catalunya y Gran V\u00eda, donde dentro permanecen varios agentes de la Guardia Civil que participaron en el registro durante el d\u00eda. Pasadas la 1.30 de la madrugada, los Mossos se han abierto paso entre los manifestantes para crear un per\u00edmetro de seguridad que permita a los agentes salir de las dependencias sin poner en riesgo su seguridad. Se viven momentos de tensi\u00f3n y se registran enfrentamientos entre los agentes y los asistentes a la protesta.\u00a0Seguir leyendo.<br \/>\nVia: <a href=\"https:\/\/elpais.com\/ccaa\/2017\/09\/18\/catalunya\/1505762876_535271.html#?ref=rss&#038;format=simple&#038;link=link\" target=\"_blank\">El refer\u00e9ndum por la independencia de Catalu\u00f1a, \u00faltimas noticias<\/a><\/p>\n","protected":false},"excerpt":{"rendered":"<p>Centenares de personas convocadas por la CUP y las entidades independentistas se han concentrado desde primera hora de esta tarde para protestar por las 14 detenciones de altos cargos de la Generalitat frente a cuatro consejer\u00edas del Gobierno catal\u00e1n en Barcelona: Econom\u00eda, Gobernaci\u00f3n, Exteriores y Trabajo. \u00a0A medianoche ya solo [&hellip;]<\/p>\n","protected":false},"author":2,"featured_media":0,"comment_status":"open","ping_status":"closed","sticky":false,"template":"","format":"standard","meta":{"footnotes":""},"categories":[6],"tags":[],"class_list":["post-7534","post","type-post","status-publish","format-standard","hentry","category-spanish"],"_links":{"self":[{"href":"https:\/\/theworldwidejournal.com\/index.php?rest_route=\/wp\/v2\/posts\/7534","targetHints":{"allow":["GET"]}}],"collection":[{"href":"https:\/\/theworldwidejournal.com\/index.php?rest_route=\/wp\/v2\/posts"}],"about":[{"href":"https:\/\/theworldwidejournal.com\/index.php?rest_route=\/wp\/v2\/types\/post"}],"author":[{"embeddable":true,"href":"https:\/\/theworldwidejournal.com\/index.php?rest_route=\/wp\/v2\/users\/2"}],"replies":[{"embeddable":true,"href":"https:\/\/theworldwidejournal.com\/index.php?rest_route=%2Fwp%2Fv2%2Fcomments&post=7534"}],"version-history":[{"count":0,"href":"https:\/\/theworldwidejournal.com\/index.php?rest_route=\/wp\/v2\/posts\/7534\/revisions"}],"wp:attachment":[{"href":"https:\/\/theworldwidejournal.com\/index.php?rest_route=%2Fwp%2Fv2%2Fmedia&parent=7534"}],"wp:term":[{"taxonomy":"category","embeddable":true,"href":"https:\/\/theworldwidejournal.com\/index.php?rest_route=%2Fwp%2Fv2%2Fcategories&post=7534"},{"taxonomy":"post_tag","embeddable":true,"href":"https:\/\/theworldwidejournal.com\/index.php?rest_route=%2Fwp%2Fv2%2Ftags&post=7534"}],"curies":[{"name":"wp","href":"https:\/\/api.w.org\/{rel}","templated":true}]}}