{"id":7610,"date":"2017-09-21T17:48:25","date_gmt":"2017-09-21T15:48:25","guid":{"rendered":"https:\/\/theworldwidejournal.com\/?p=7610"},"modified":"2017-09-21T17:48:25","modified_gmt":"2017-09-21T15:48:25","slug":"pablo-iglesias-se-queda-sin-sede-para-su-conclave-separatista-en-zaragoza","status":"publish","type":"post","link":"https:\/\/theworldwidejournal.com\/?p=7610","title":{"rendered":"Pablo Iglesias se queda sin sede para su c\u00f3nclave separatista en Zaragoza"},"content":{"rendered":"<p>El l\u00edder de Podemos, Pablo Iglesias, se ha quedado sin sede donde celebrar el c\u00f3nclave nacionalista que ten\u00eda pensado realizar en Zaragoza. En un primer momento, el encuentro iba a tener lugar en el Sal\u00f3n de Actos de la Residencia Escolar Pignatelli pero la Diputaci\u00f3n de Zaragoza le ha denegado el permiso. El gabinete de Pedro Santisteve, alcalde de Zaragoza, solicit\u00f3 en nombre de Unidos Podemos dicho sal\u00f3n, que depende de la Diputaci\u00f3n de Zaragoza, pero no han recibido permiso. El presidente de la Diputaci\u00f3n, Pedro S\u00e1nchez Quero, le ha negado el espacio porque as\u00ed lo ha decidido el Consejo de Administraci\u00f3n de la Residencia Escolar Pignatelli. Se da la circunstancia de que dicho consejo est\u00e1 presidido por el propio S\u00e1nchez Quero y otros representantes pol\u00edticos, que han pereferido no ceder el sal\u00f3n por temor a que el acto se convierta en una reivindicaci\u00f3n del refer\u00e9ndum ilegal del 1 de octubre. Los consejeros ten\u00edan dudas en torno a la legalidad de dicho evento y han elegido no ceder las instalaciones.<br \/>\nVia: <a href=\"http:\/\/www.abc.es\/espana\/aragon\/abci-pablo-iglesias-queda-sin-sede-para-celebrar-conclave-separatista-zaragoza-201709211548_noticia.html\" target=\"_blank\">Pablo Iglesias se queda sin sede para su c\u00f3nclave separatista en Zaragoza<\/a><\/p>\n","protected":false},"excerpt":{"rendered":"<p>El l\u00edder de Podemos, Pablo Iglesias, se ha quedado sin sede donde celebrar el c\u00f3nclave nacionalista que ten\u00eda pensado realizar en Zaragoza. En un primer momento, el encuentro iba a tener lugar en el Sal\u00f3n de Actos de la Residencia Escolar Pignatelli pero la Diputaci\u00f3n de Zaragoza le ha denegado [&hellip;]<\/p>\n","protected":false},"author":2,"featured_media":7611,"comment_status":"open","ping_status":"closed","sticky":false,"template":"","format":"standard","meta":{"footnotes":""},"categories":[6],"tags":[],"class_list":["post-7610","post","type-post","status-publish","format-standard","has-post-thumbnail","hentry","category-spanish"],"_links":{"self":[{"href":"https:\/\/theworldwidejournal.com\/index.php?rest_route=\/wp\/v2\/posts\/7610","targetHints":{"allow":["GET"]}}],"collection":[{"href":"https:\/\/theworldwidejournal.com\/index.php?rest_route=\/wp\/v2\/posts"}],"about":[{"href":"https:\/\/theworldwidejournal.com\/index.php?rest_route=\/wp\/v2\/types\/post"}],"author":[{"embeddable":true,"href":"https:\/\/theworldwidejournal.com\/index.php?rest_route=\/wp\/v2\/users\/2"}],"replies":[{"embeddable":true,"href":"https:\/\/theworldwidejournal.com\/index.php?rest_route=%2Fwp%2Fv2%2Fcomments&post=7610"}],"version-history":[{"count":0,"href":"https:\/\/theworldwidejournal.com\/index.php?rest_route=\/wp\/v2\/posts\/7610\/revisions"}],"wp:featuredmedia":[{"embeddable":true,"href":"https:\/\/theworldwidejournal.com\/index.php?rest_route=\/wp\/v2\/media\/7611"}],"wp:attachment":[{"href":"https:\/\/theworldwidejournal.com\/index.php?rest_route=%2Fwp%2Fv2%2Fmedia&parent=7610"}],"wp:term":[{"taxonomy":"category","embeddable":true,"href":"https:\/\/theworldwidejournal.com\/index.php?rest_route=%2Fwp%2Fv2%2Fcategories&post=7610"},{"taxonomy":"post_tag","embeddable":true,"href":"https:\/\/theworldwidejournal.com\/index.php?rest_route=%2Fwp%2Fv2%2Ftags&post=7610"}],"curies":[{"name":"wp","href":"https:\/\/api.w.org\/{rel}","templated":true}]}}