{"id":7706,"date":"2017-09-22T14:26:31","date_gmt":"2017-09-22T12:26:31","guid":{"rendered":"https:\/\/theworldwidejournal.com\/2017\/09\/22\/emmanuel-macron-signe-les-ordonnances-reformant-le-droit-du-travail\/"},"modified":"2017-09-22T14:26:31","modified_gmt":"2017-09-22T12:26:31","slug":"emmanuel-macron-signe-les-ordonnances-reformant-le-droit-du-travail","status":"publish","type":"post","link":"https:\/\/theworldwidejournal.com\/?p=7706","title":{"rendered":"Emmanuel Macron signe les ordonnances r\u00e9formant le droit du travail"},"content":{"rendered":"<p>Entour\u00e9 de Muriel P\u00e9nicaud et de Christophe Castaner, le chef de l\u2019Etat a salu\u00e9 une r\u00e9forme d\u2019une \u00ab\u00a0ampleur\u00a0\u00bb sans pr\u00e9c\u00e9dent \u00ab\u00a0depuis le d\u00e9but de la Ve R\u00e9publique\u00a0\u00bb.<br \/>\nVia: <a href=\"http:\/\/www.lemonde.fr\/politique\/article\/2017\/09\/22\/emmanuel-macron-signe-les-ordonnances-reformant-le-droit-du-travail_5189752_823448.html?xtor=RSS-3208\" target=\"_blank\">Emmanuel Macron signe les ordonnances r\u00e9formant le droit du travail<\/a><\/p>\n","protected":false},"excerpt":{"rendered":"<p>Entour\u00e9 de Muriel P\u00e9nicaud et de Christophe Castaner, le chef de l\u2019Etat a salu\u00e9 une r\u00e9forme d\u2019une \u00ab\u00a0ampleur\u00a0\u00bb sans pr\u00e9c\u00e9dent \u00ab\u00a0depuis le d\u00e9but de la Ve R\u00e9publique\u00a0\u00bb. Via: Emmanuel Macron signe les ordonnances r\u00e9formant le droit du travail<\/p>\n","protected":false},"author":2,"featured_media":0,"comment_status":"open","ping_status":"closed","sticky":false,"template":"","format":"standard","meta":{"footnotes":""},"categories":[4],"tags":[],"class_list":["post-7706","post","type-post","status-publish","format-standard","hentry","category-french"],"_links":{"self":[{"href":"https:\/\/theworldwidejournal.com\/index.php?rest_route=\/wp\/v2\/posts\/7706","targetHints":{"allow":["GET"]}}],"collection":[{"href":"https:\/\/theworldwidejournal.com\/index.php?rest_route=\/wp\/v2\/posts"}],"about":[{"href":"https:\/\/theworldwidejournal.com\/index.php?rest_route=\/wp\/v2\/types\/post"}],"author":[{"embeddable":true,"href":"https:\/\/theworldwidejournal.com\/index.php?rest_route=\/wp\/v2\/users\/2"}],"replies":[{"embeddable":true,"href":"https:\/\/theworldwidejournal.com\/index.php?rest_route=%2Fwp%2Fv2%2Fcomments&post=7706"}],"version-history":[{"count":0,"href":"https:\/\/theworldwidejournal.com\/index.php?rest_route=\/wp\/v2\/posts\/7706\/revisions"}],"wp:attachment":[{"href":"https:\/\/theworldwidejournal.com\/index.php?rest_route=%2Fwp%2Fv2%2Fmedia&parent=7706"}],"wp:term":[{"taxonomy":"category","embeddable":true,"href":"https:\/\/theworldwidejournal.com\/index.php?rest_route=%2Fwp%2Fv2%2Fcategories&post=7706"},{"taxonomy":"post_tag","embeddable":true,"href":"https:\/\/theworldwidejournal.com\/index.php?rest_route=%2Fwp%2Fv2%2Ftags&post=7706"}],"curies":[{"name":"wp","href":"https:\/\/api.w.org\/{rel}","templated":true}]}}