{"id":7748,"date":"2017-09-22T15:59:10","date_gmt":"2017-09-22T13:59:10","guid":{"rendered":"https:\/\/theworldwidejournal.com\/2017\/09\/22\/la-fiscalia-de-la-audiencia-nacional-presenta-una-denuncia-por-sedicion-por-los-altercados-de-barcelona\/"},"modified":"2017-09-22T15:59:10","modified_gmt":"2017-09-22T13:59:10","slug":"la-fiscalia-de-la-audiencia-nacional-presenta-una-denuncia-por-sedicion-por-los-altercados-de-barcelona","status":"publish","type":"post","link":"https:\/\/theworldwidejournal.com\/?p=7748","title":{"rendered":"La Fiscal\u00eda de la Audiencia Nacional presenta una denuncia por sedici\u00f3n por los altercados de Barcelona"},"content":{"rendered":"<p>La Fiscal\u00eda General del Estado ha presentado este viernes una denuncia en la Audiencia Nacional por sedici\u00f3n por los altercados producidos en Barcelona en las protestas contra la Operaci\u00f3n Anubis en la que fueron detenidos 14 altos cargos de la Generalitat por preparar el refer\u00e9ndum ilegal de autodeterminaci\u00f3n del 1 de octubre. El escrito apunta a la responsabilidad de los dirigentes de la Asamblea Nacional Catalana y de \u00d3mniun, Jordi S\u00e1nchez y Jordi Cuixart en la movilizaci\u00f3n del 20 de septiembre.Seguir leyendo.<br \/>\nVia: <a href=\"https:\/\/elpais.com\/politica\/2017\/09\/22\/actualidad\/1506078763_334854.html#?ref=rss&#038;format=simple&#038;link=link\" target=\"_blank\">La Fiscal\u00eda de la Audiencia Nacional presenta una denuncia por sedici\u00f3n por los altercados de Barcelona<\/a><\/p>\n","protected":false},"excerpt":{"rendered":"<p>La Fiscal\u00eda General del Estado ha presentado este viernes una denuncia en la Audiencia Nacional por sedici\u00f3n por los altercados producidos en Barcelona en las protestas contra la Operaci\u00f3n Anubis en la que fueron detenidos 14 altos cargos de la Generalitat por preparar el refer\u00e9ndum ilegal de autodeterminaci\u00f3n del 1 [&hellip;]<\/p>\n","protected":false},"author":2,"featured_media":0,"comment_status":"open","ping_status":"closed","sticky":false,"template":"","format":"standard","meta":{"footnotes":""},"categories":[6],"tags":[],"class_list":["post-7748","post","type-post","status-publish","format-standard","hentry","category-spanish"],"_links":{"self":[{"href":"https:\/\/theworldwidejournal.com\/index.php?rest_route=\/wp\/v2\/posts\/7748","targetHints":{"allow":["GET"]}}],"collection":[{"href":"https:\/\/theworldwidejournal.com\/index.php?rest_route=\/wp\/v2\/posts"}],"about":[{"href":"https:\/\/theworldwidejournal.com\/index.php?rest_route=\/wp\/v2\/types\/post"}],"author":[{"embeddable":true,"href":"https:\/\/theworldwidejournal.com\/index.php?rest_route=\/wp\/v2\/users\/2"}],"replies":[{"embeddable":true,"href":"https:\/\/theworldwidejournal.com\/index.php?rest_route=%2Fwp%2Fv2%2Fcomments&post=7748"}],"version-history":[{"count":0,"href":"https:\/\/theworldwidejournal.com\/index.php?rest_route=\/wp\/v2\/posts\/7748\/revisions"}],"wp:attachment":[{"href":"https:\/\/theworldwidejournal.com\/index.php?rest_route=%2Fwp%2Fv2%2Fmedia&parent=7748"}],"wp:term":[{"taxonomy":"category","embeddable":true,"href":"https:\/\/theworldwidejournal.com\/index.php?rest_route=%2Fwp%2Fv2%2Fcategories&post=7748"},{"taxonomy":"post_tag","embeddable":true,"href":"https:\/\/theworldwidejournal.com\/index.php?rest_route=%2Fwp%2Fv2%2Ftags&post=7748"}],"curies":[{"name":"wp","href":"https:\/\/api.w.org\/{rel}","templated":true}]}}