{"id":7755,"date":"2017-09-22T15:45:47","date_gmt":"2017-09-22T13:45:47","guid":{"rendered":"https:\/\/theworldwidejournal.com\/2017\/09\/22\/carmena-no-predica-con-el-ejemplo-utiliza-el-coche-en-el-dia-sin-coches\/"},"modified":"2017-09-22T15:45:47","modified_gmt":"2017-09-22T13:45:47","slug":"carmena-no-predica-con-el-ejemplo-utiliza-el-coche-en-el-dia-sin-coches","status":"publish","type":"post","link":"https:\/\/theworldwidejournal.com\/?p=7755","title":{"rendered":"Carmena no predica con el ejemplo: utiliza el coche en el D\u00eda sin Coches"},"content":{"rendered":"<p>La alcaldesa de Madrid, Manuela Carmena, ha asegurado este viernes que ha \u00abmetido la pata\u00bb al utilizar el veh\u00edculo privado en el D\u00eda Sin Coches porque no se hab\u00eda acordado. \u00abHe ido al Ayuntamiento en Metro como siempre, pero despu\u00e9s no me he acordado y he cogido el coche para venir hasta aqu\u00ed. Lo siento, he metido la pata\u00bb, ha asegurado la regidora durante la presentaci\u00f3n en Plaza de Espa\u00f1a de la Feria Rehabilitar Madrid. Sin embargo, Manuela Carmena ha puntualizado que \u00abahora mismo\u00bb rectificar\u00eda, y que para el viaje de vuelta utilizar\u00eda el autob\u00fas urbano.<br \/>\nVia: <a href=\"http:\/\/www.abc.es\/espana\/madrid\/abci-carmena-no-predica-ejemplo-utiliza-coche-sin-coches-201709221345_noticia.html\" target=\"_blank\">Carmena no predica con el ejemplo: utiliza el coche en el D\u00eda sin Coches<\/a><\/p>\n","protected":false},"excerpt":{"rendered":"<p>La alcaldesa de Madrid, Manuela Carmena, ha asegurado este viernes que ha \u00abmetido la pata\u00bb al utilizar el veh\u00edculo privado en el D\u00eda Sin Coches porque no se hab\u00eda acordado. \u00abHe ido al Ayuntamiento en Metro como siempre, pero despu\u00e9s no me he acordado y he cogido el coche para [&hellip;]<\/p>\n","protected":false},"author":2,"featured_media":7756,"comment_status":"open","ping_status":"closed","sticky":false,"template":"","format":"standard","meta":{"footnotes":""},"categories":[6],"tags":[],"class_list":["post-7755","post","type-post","status-publish","format-standard","has-post-thumbnail","hentry","category-spanish"],"_links":{"self":[{"href":"https:\/\/theworldwidejournal.com\/index.php?rest_route=\/wp\/v2\/posts\/7755","targetHints":{"allow":["GET"]}}],"collection":[{"href":"https:\/\/theworldwidejournal.com\/index.php?rest_route=\/wp\/v2\/posts"}],"about":[{"href":"https:\/\/theworldwidejournal.com\/index.php?rest_route=\/wp\/v2\/types\/post"}],"author":[{"embeddable":true,"href":"https:\/\/theworldwidejournal.com\/index.php?rest_route=\/wp\/v2\/users\/2"}],"replies":[{"embeddable":true,"href":"https:\/\/theworldwidejournal.com\/index.php?rest_route=%2Fwp%2Fv2%2Fcomments&post=7755"}],"version-history":[{"count":0,"href":"https:\/\/theworldwidejournal.com\/index.php?rest_route=\/wp\/v2\/posts\/7755\/revisions"}],"wp:featuredmedia":[{"embeddable":true,"href":"https:\/\/theworldwidejournal.com\/index.php?rest_route=\/wp\/v2\/media\/7756"}],"wp:attachment":[{"href":"https:\/\/theworldwidejournal.com\/index.php?rest_route=%2Fwp%2Fv2%2Fmedia&parent=7755"}],"wp:term":[{"taxonomy":"category","embeddable":true,"href":"https:\/\/theworldwidejournal.com\/index.php?rest_route=%2Fwp%2Fv2%2Fcategories&post=7755"},{"taxonomy":"post_tag","embeddable":true,"href":"https:\/\/theworldwidejournal.com\/index.php?rest_route=%2Fwp%2Fv2%2Ftags&post=7755"}],"curies":[{"name":"wp","href":"https:\/\/api.w.org\/{rel}","templated":true}]}}