{"id":7757,"date":"2017-09-22T15:36:51","date_gmt":"2017-09-22T13:36:51","guid":{"rendered":"https:\/\/theworldwidejournal.com\/2017\/09\/22\/un-instituto-incluye-en-una-prueba-de-catalan-una-cancion-antimonarquica\/"},"modified":"2017-09-22T15:36:51","modified_gmt":"2017-09-22T13:36:51","slug":"un-instituto-incluye-en-una-prueba-de-catalan-una-cancion-antimonarquica","status":"publish","type":"post","link":"https:\/\/theworldwidejournal.com\/?p=7757","title":{"rendered":"Un instituto incluye en una prueba de catal\u00e1n una canci\u00f3n antimon\u00e1rquica"},"content":{"rendered":"<p>Los alumnos de 2\u00ba de Bachillerato del Instituto de Ense\u00f1anza Secundaria (IES) s&#8217;Arenal \u2014ubicado en Palma\u2014 tuvieron que pronunciarse sobre la Monarqu\u00eda en una prueba de catal\u00e1n realizada recientemente. Seg\u00fan ha publicado \u00abEl Mundo\u00bb este viernes, al menos dos padres han expresado ya su malestar por esta circunstancia. El texto que el profesor entreg\u00f3 en clase a sus alumnos inclu\u00eda la canci\u00f3n de Els Pets \u00abJo vull ser rei\u00bb (\u00abYo quiero ser rey\u00bb) y una serie de preguntas vinculadas a este tema musical, editado en 1994 por dicho grupo catal\u00e1n de pop-rock. La letra de la citada canci\u00f3n incluye frases como \u00abJo vull ser rei, ser per collons cap de l&#8217;Estat; tenir-ho tot fet, nom\u00e9s per ser fill de pap\u00e0\u00bb (\u00abYo quiero ser rey, ser por c&#8230; jefe del Estado; tenerlo todo hecho, s\u00f3lo por ser hijo de pap\u00e1\u00bb), \u00abTan avorrit d&#8217;estar envoltat per una colla de llepons, suant infal\u00b7libilitat com un cacic o un dictador\u00bb (\u00abTan aburrido de estar rodeado por un grupo de chupones, sudando infalibilidad como un cacique o un dictador\u00bb) o \u00abSi \u00e9s cert que som igual davant la llei, per qu\u00e8 collons jo mai podr\u00e9 ser rei\u00bb (\u00abSi es cierto que soy igual ante la ley, por qu\u00e9 c&#8230; yo nunca podr\u00e9 ser rey\u00bb). Una vez le\u00edda en su integridad la letra del tema de Els Pets, los alumnos deb\u00edan contestar por escrito a cinco preguntas. En primer lugar, deb\u00edan marcar las palabras o expresiones \u00abcoloquiales\u00bb de la canci\u00f3n y escribir el equivalente est\u00e1ndar. Esta cuesti\u00f3n val\u00eda un punto sobre un total de diez. A continuaci\u00f3n, los estudiantes deb\u00edan explicar qu\u00e9 significan las palabras \u00abinfalibilidad\u00bb, \u00abcacique\u00bb y \u00abreivindicar\u00bb, igualmente por un punto. En la tercera pregunta se ped\u00eda, por dos puntos, que se explicase qu\u00e9 relata exactamente la citada canci\u00f3n. Las dos \u00faltimas preguntas, con un valor de tres puntos cada una, son las m\u00e1s llamativas. As\u00ed, en la cuarta se plantean varias cuestiones, en concreto, \u00ab\u00bfPodr\u00edas decir qui\u00e9n es el Rey de Mallorca?\u00bb \u2014por un lapsus del docente pone Mallorca en lugar de Espa\u00f1a\u2014, \u00ab\u00bfQu\u00e9 elecciones ha ganado?\u00bb, \u00ab\u00bfC\u00f3mo ha conseguido este cargo?\u00bb, \u00ab\u00bfQui\u00e9n le paga el sueldo?\u00bb, \u00ab\u00bfC\u00f3mo tienen que hacerlo los que no quieren que haya monarqu\u00eda?\u00bb, y \u00ab\u00bfQu\u00e9 nombre reciben los que no quieren que haya rey?\u00bb. La quinta y \u00faltima pregunta se\u00f1ala que la postura del autor de la canci\u00f3n es \u00abmuy obvia\u00bb, pidiendo a cada alumno que diga si est\u00e1 \u00abde acuerdo\u00bb con esa posici\u00f3n y tambi\u00e9n que exprese adem\u00e1s su propia \u00abopini\u00f3n\u00bb. Los alumnos de 2\u00ba de Bachillerato en Espa\u00f1a suelen tener mayoritariamente 17 a\u00f1os de edad. La prueba estaba pensada para poder ser realizada en casa, si bien, al parecer, los alumnos tuvieron que exponer luego p\u00fablicamente en clase sus respuestas a las preguntas planteadas. En relaci\u00f3n a este asunto, fuentes oficiales de la Consejer\u00eda de Educaci\u00f3n han se\u00f1alado este viernes a ABC que el departamento que dirige el socialista Mart\u00ed March no har\u00e1 ninguna valoraci\u00f3n al respecto. En ese contexto, dichas fuentes han a\u00f1adido que por el momento el Govern no ha recibido ninguna denuncia relacionada con la citada prueba de catal\u00e1n.<br \/>\nVia: <a href=\"http:\/\/www.abc.es\/espana\/abci-instituto-palma-incluye-cancion-antimonarquica-prueba-catalan-201709221336_noticia.html\" target=\"_blank\">Un instituto incluye en una prueba de catal\u00e1n una canci\u00f3n antimon\u00e1rquica<\/a><\/p>\n","protected":false},"excerpt":{"rendered":"<p>Los alumnos de 2\u00ba de Bachillerato del Instituto de Ense\u00f1anza Secundaria (IES) s&#8217;Arenal \u2014ubicado en Palma\u2014 tuvieron que pronunciarse sobre la Monarqu\u00eda en una prueba de catal\u00e1n realizada recientemente. Seg\u00fan ha publicado \u00abEl Mundo\u00bb este viernes, al menos dos padres han expresado ya su malestar por esta circunstancia. El texto [&hellip;]<\/p>\n","protected":false},"author":2,"featured_media":7758,"comment_status":"open","ping_status":"closed","sticky":false,"template":"","format":"standard","meta":{"footnotes":""},"categories":[6],"tags":[],"class_list":["post-7757","post","type-post","status-publish","format-standard","has-post-thumbnail","hentry","category-spanish"],"_links":{"self":[{"href":"https:\/\/theworldwidejournal.com\/index.php?rest_route=\/wp\/v2\/posts\/7757","targetHints":{"allow":["GET"]}}],"collection":[{"href":"https:\/\/theworldwidejournal.com\/index.php?rest_route=\/wp\/v2\/posts"}],"about":[{"href":"https:\/\/theworldwidejournal.com\/index.php?rest_route=\/wp\/v2\/types\/post"}],"author":[{"embeddable":true,"href":"https:\/\/theworldwidejournal.com\/index.php?rest_route=\/wp\/v2\/users\/2"}],"replies":[{"embeddable":true,"href":"https:\/\/theworldwidejournal.com\/index.php?rest_route=%2Fwp%2Fv2%2Fcomments&post=7757"}],"version-history":[{"count":0,"href":"https:\/\/theworldwidejournal.com\/index.php?rest_route=\/wp\/v2\/posts\/7757\/revisions"}],"wp:featuredmedia":[{"embeddable":true,"href":"https:\/\/theworldwidejournal.com\/index.php?rest_route=\/wp\/v2\/media\/7758"}],"wp:attachment":[{"href":"https:\/\/theworldwidejournal.com\/index.php?rest_route=%2Fwp%2Fv2%2Fmedia&parent=7757"}],"wp:term":[{"taxonomy":"category","embeddable":true,"href":"https:\/\/theworldwidejournal.com\/index.php?rest_route=%2Fwp%2Fv2%2Fcategories&post=7757"},{"taxonomy":"post_tag","embeddable":true,"href":"https:\/\/theworldwidejournal.com\/index.php?rest_route=%2Fwp%2Fv2%2Ftags&post=7757"}],"curies":[{"name":"wp","href":"https:\/\/api.w.org\/{rel}","templated":true}]}}