{"id":7826,"date":"2017-09-23T04:24:12","date_gmt":"2017-09-23T02:24:12","guid":{"rendered":"https:\/\/theworldwidejournal.com\/?p=7826"},"modified":"2017-09-23T04:24:12","modified_gmt":"2017-09-23T02:24:12","slug":"baltasar-garzon-el-problema-es-que-el-franquismo-esta-sin-resolver","status":"publish","type":"post","link":"https:\/\/theworldwidejournal.com\/?p=7826","title":{"rendered":"Baltasar Garz\u00f3n: \u00abEl problema es que el franquismo est\u00e1 sin resolver\u00bb"},"content":{"rendered":"<p>El exmagistrado Baltasar Garz\u00f3n ha apuntado, en la tercera edici\u00f3n del congreso \u00abSabidur\u00eda y Conocimiento\u00bb que organiza la Cadena Ser en C\u00f3rdoba, que el origen del conflicto en Catalu\u00f1a se remonta a que \u00abel franquismo est\u00e1 sin resolver en Espa\u00f1a\u00bb. El exjuez, que ha participado en una mesa debate sobre derechos humanos junto al secretario de An\u00e1lisis Estrat\u00e9gico de Podemos, \u00cd\u00f1igo Errej\u00f3n, ha puesto de manifiesto la contradicci\u00f3n entre \u00abuna impunidad mantenida durante 80 a\u00f1os\u00bb por parte del Gobierno espa\u00f1ol con la \u00abcriminalizaci\u00f3n contra 700 alcaldes\u00bb llevada a cabo en Catalu\u00f1a. Para el exmagistrado, se trata de \u00abuna din\u00e1mica peligrosa\u00bb porque \u00abla prohibici\u00f3n del derecho a manifestarse se va a hacer extensible a toda Espa\u00f1a\u00bb. Garz\u00f3n ha considerado que la situaci\u00f3n actual de Catalu\u00f1a est\u00e1 en \u00abel primer estadio del conflicto\u00bb y ha realizado una comparaci\u00f3n con las fases que se han ido sucediendo en el proceso de paz colombiano, donde ha actuado como mediador. As\u00ed ha afirmado que \u00abla acci\u00f3n represiva no nos dar\u00e1 la soluci\u00f3n\u00bb porque \u00abel recurso al Derecho Penal deber\u00eda ser lo \u00faltimo a lo que acudir\u00bb. \u00abLa soluci\u00f3n al conflicto catal\u00e1n- ha agregado- tiene que venir de la pol\u00edtica no de las decisiones judiciales\u00bb. El exmagistrado considera que la base de la cuesti\u00f3n hay que buscarla, por una parte, en el recurso \u00aboportunista de acudir al franquismo como justificaci\u00f3n a la represi\u00f3n\u00bb, algo que, a su juicio, viene motivado \u00abporque en Espa\u00f1a no se ha resuelto el tema del franquismo, a pesar de ser el segundo pa\u00eds del mundo con mayor n\u00famero de desapariciones forzosas\u00bb. Por otra parte, Garz\u00f3n se ha planteado \u00abqu\u00e9 hubiera ocurrido si PSOE y Podemos hubieran formado gobierno\u00bb en esta legislatura: \u00abquiz\u00e1 no estar\u00edamos en esta situaci\u00f3n\u00bb, ha aseverado. Sobre la constitucionalidad del refer\u00e9ndum, el exjuez ha considerado que \u00abno es legal\u00bb, pero tambi\u00e9n ha apuntado que \u00abning\u00fan sistema es alterable\u00bb y que \u00ablas fronteras s\u00f3lo fluct\u00faan para la libre circulaci\u00f3n de personas\u00bb. Reconocer el problema, analizarlo y establecer criterios de \u00abprudencia\u00bb, son las l\u00edneas que el exmagistrado ha considerado como v\u00edas para \u00absolucionar la situaci\u00f3n de Catalu\u00f1a\u00bb. Por su parte, Errej\u00f3n se ha mostrado convencido de que a ra\u00edz de que \u00abel PP tumbase el estatuto catal\u00e1n en el Tribunal Constitucional (TC) se sembr\u00f3 una mayor separaci\u00f3n entre Catalu\u00f1a y Espa\u00f1a\u00bb. El responsable de An\u00e1lisis Estrat\u00e9gico de Podemos ha afirmado que \u00abel refer\u00e9ndum del 1 octubre, si se llega a producir, no va a solucionar el conflicto en Catalu\u00f1a\u00bb porque se trata de \u00abuna discusi\u00f3n identitaria y territorial\u00bb. Por ello, ha defendido en el debate, donde tambi\u00e9n ha participado el escritor Manuel Rivas, que la soluci\u00f3n pasa por \u00abactualizar un modelo de pa\u00eds en el que nadie se pueda tirar nada en la cabeza\u00bb. Todos los intervinientes han coincidido en la necesidad de \u00abreflexi\u00f3n profunda\u00bb, \u00abdi\u00e1logo\u00bb y \u00abtoma de consciencia de la situaci\u00f3n\u00bb como punto de partida para lograr resolver la situaci\u00f3n de Catalu\u00f1a. Ma\u00f1ana ser\u00e1 el turno de la ex ministra de Islandia J\u00f3hanna Sigur\u00f5ard\u00f3ttir, del ex ministro de Educaci\u00f3n espa\u00f1ol \u00c1ngel Gabilondo y el diplom\u00e1tico y experto en el Mundo \u00c1rabe Bernardino Le\u00f3n, que en dos mesas debate abordar\u00e1n cuestiones como la desigualdad social, los cambios demogr\u00e1ficos y la mujer en la democracia.<br \/>\nVia: <a href=\"http:\/\/www.abc.es\/espana\/abci-baltasar-garzon-problema-franquismo-esta-sin-resolver-201709230224_noticia.html\" target=\"_blank\">Baltasar Garz\u00f3n: \u00abEl problema es que el franquismo est\u00e1 sin resolver\u00bb<\/a><\/p>\n","protected":false},"excerpt":{"rendered":"<p>El exmagistrado Baltasar Garz\u00f3n ha apuntado, en la tercera edici\u00f3n del congreso \u00abSabidur\u00eda y Conocimiento\u00bb que organiza la Cadena Ser en C\u00f3rdoba, que el origen del conflicto en Catalu\u00f1a se remonta a que \u00abel franquismo est\u00e1 sin resolver en Espa\u00f1a\u00bb. El exjuez, que ha participado en una mesa debate sobre [&hellip;]<\/p>\n","protected":false},"author":2,"featured_media":7827,"comment_status":"open","ping_status":"closed","sticky":false,"template":"","format":"standard","meta":{"footnotes":""},"categories":[6],"tags":[],"class_list":["post-7826","post","type-post","status-publish","format-standard","has-post-thumbnail","hentry","category-spanish"],"_links":{"self":[{"href":"https:\/\/theworldwidejournal.com\/index.php?rest_route=\/wp\/v2\/posts\/7826","targetHints":{"allow":["GET"]}}],"collection":[{"href":"https:\/\/theworldwidejournal.com\/index.php?rest_route=\/wp\/v2\/posts"}],"about":[{"href":"https:\/\/theworldwidejournal.com\/index.php?rest_route=\/wp\/v2\/types\/post"}],"author":[{"embeddable":true,"href":"https:\/\/theworldwidejournal.com\/index.php?rest_route=\/wp\/v2\/users\/2"}],"replies":[{"embeddable":true,"href":"https:\/\/theworldwidejournal.com\/index.php?rest_route=%2Fwp%2Fv2%2Fcomments&post=7826"}],"version-history":[{"count":0,"href":"https:\/\/theworldwidejournal.com\/index.php?rest_route=\/wp\/v2\/posts\/7826\/revisions"}],"wp:featuredmedia":[{"embeddable":true,"href":"https:\/\/theworldwidejournal.com\/index.php?rest_route=\/wp\/v2\/media\/7827"}],"wp:attachment":[{"href":"https:\/\/theworldwidejournal.com\/index.php?rest_route=%2Fwp%2Fv2%2Fmedia&parent=7826"}],"wp:term":[{"taxonomy":"category","embeddable":true,"href":"https:\/\/theworldwidejournal.com\/index.php?rest_route=%2Fwp%2Fv2%2Fcategories&post=7826"},{"taxonomy":"post_tag","embeddable":true,"href":"https:\/\/theworldwidejournal.com\/index.php?rest_route=%2Fwp%2Fv2%2Ftags&post=7826"}],"curies":[{"name":"wp","href":"https:\/\/api.w.org\/{rel}","templated":true}]}}