{"id":7832,"date":"2017-09-23T00:37:27","date_gmt":"2017-09-22T22:37:27","guid":{"rendered":"https:\/\/theworldwidejournal.com\/2017\/09\/23\/cuba-niega-que-este-detras-de-los-ataques-acusticos-a-diplomaticos\/"},"modified":"2017-09-23T00:37:27","modified_gmt":"2017-09-22T22:37:27","slug":"cuba-niega-que-este-detras-de-los-ataques-acusticos-a-diplomaticos","status":"publish","type":"post","link":"https:\/\/theworldwidejournal.com\/?p=7832","title":{"rendered":"Cuba niega que est\u00e9 detr\u00e1s de los \u00abataques ac\u00fasticos\u00bb a diplom\u00e1ticos"},"content":{"rendered":"<p>El r\u00e9gimen cubano ha negado este viernes en Naciones Unidas que exista hasta el momento \u00abevidencia alguna\u00bb que confirme las denuncias sobre un supuesto \u00abataque ac\u00fastico\u00bb sufrido por diplom\u00e1ticos estadounidenses destinados en la isla. \u00abCuba jam\u00e1s ha perpetrado ni perpetrar\u00e1 acciones de esa naturaleza\u00bb, afirm\u00f3 el ministro de Relaciones Exteriores cubano, Bruno Rodr\u00edguez, al participar en el debate de alto nivel de la Asamblea General de la ONU. El canciller cubano sostuvo que ser\u00eda \u00ablamentable\u00bb si este asunto \u00abse politiza\u00bb, informan Efe y Reuters. El pasado 17 de septiembre, el secretario de Estado de EE.UU., Rex Tillerson, denunci\u00f3 que su pa\u00eds estudia cerrar su embajada en La Habana como respuesta a ese supuesto \u00abataque ac\u00fastico\u00bb, que ocurri\u00f3 a finales del a\u00f1o pasado. Seg\u00fan Tillerson, esas acciones han provocado problemas de salud a una veintena de estadounidenses, en su mayor\u00eda diplom\u00e1ticos. Informes m\u00e9dicos hablan de lesi\u00f3n cerebral traum\u00e1tica leve y p\u00e9rdida de audici\u00f3n. Tambi\u00e9n se han visto afectados ciudadanos de Canad\u00e1, seg\u00fan las autoridades de ese pa\u00eds. \u00abSer\u00eda lamentable que se politice un asunto de la naturaleza descrita\u00bbAl aludir a esas denuncias, Rodr\u00edguez asegur\u00f3 que el Gobierno de La Habana \u00abcumple con todo rigor y seriedad sus obligaciones\u00bb con la Convenci\u00f3n de Viena en lo referido a la protecci\u00f3n de la integridad de \u00abtodos los diplom\u00e1ticos sin excepci\u00f3n\u00bb, incluyendo los de Estados Unidos. El ministro neg\u00f3 esos hechos y asegur\u00f3 que \u00abni ha permitido ni permitir\u00e1 que su territorio sea utilizado por terceros con ese prop\u00f3sito\u00bb. El canciller asegur\u00f3 que las m\u00e1s altas autoridades cubanas han ordenado que se investigue este misterioso episodio, que amenaza la fr\u00e1gil distensi\u00f3n entre dos pa\u00edses enemigos durante la Guerra Fr\u00eda. Tambi\u00e9n a familiares Rodr\u00edguez asegur\u00f3 que, de acuerdo con las investigaciones realizadas, las autoridades cubanas \u00abhasta el momento no cuentan con evidencia alguna\u00bb que confirme las causas ni el origen de las afecciones a la salud que han sido registradas por los diplom\u00e1ticos estadounidenses y sus familiares. Esas pesquisas tuvieron en cuenta \u00abdatos aportados\u00bb por EE.UU., indic\u00f3 el canciller cubano, y dijo que la investigaci\u00f3n sigue su curso y para ello ser\u00e1 necesaria una \u00abefectiva cooperaci\u00f3n\u00bb de las autoridades estadounidenses. \u00abSer\u00eda lamentable que se politice un asunto de la naturaleza descrita\u00bb, insisti\u00f3 Rodr\u00edguez. Ra\u00fal Castro recibi\u00f3 el jueves en La Habana a Nicol\u00e1s Maduro, quien viaj\u00f3 a la isla a entregar un donativo para los damnificados por el hurac\u00e1n Irma- Afp Mal recuerdo para los presos pol\u00edticos Un mal recuerdo, reavivado por los \u00abataques ac\u00fasticos\u00bb contra diplom\u00e1ticos de la embajada estadounidense en Cuba, es la \u00fanica secuela que le queda al ex preso pol\u00edtico cubano Luis Z\u00fa\u00f1iga de las prolongadas torturas auditivas sufridas en la c\u00e1rcel. A sus 70 a\u00f1os, 19 de ellos en c\u00e1rceles de Cuba y 29 como exiliado en Estados Unidos, Z\u00fa\u00f1iga se apesadumbra cuando habla del tormento conocido como \u00ablos ruidos electr\u00f3nicos\u00bb, del que fue v\u00edctima \u00abd\u00edas y d\u00edas\u00bb en dos momentos de su vida como preso pol\u00edtico. Aunque no le permitieron graduarse como ingeniero, porque no quiso sumarse a la revoluci\u00f3n castrista, este habanero tiene una mente \u00abanal\u00edtica\u00bb y conocimientos e inter\u00e9s por la tecnolog\u00eda, seg\u00fan dice en una entrevista con Efe en Miami. \u00abA nosotros nos aplicaban ultrasonidos de alta amplitud de onda. Lo de ahora parecen ondas de baja frecuencia pero alta intensidad\u00bb, se\u00f1ala. Se refiere a las 21 personas, funcionarios de la embajada estadounidense en La Habana y familiares de estos, que fueron blanco en 2016 de aparentes \u00abataques ac\u00fasticos\u00bb que en algunos casos han llegado a causarles sordera y otros problemas de salud. Z\u00fa\u00f1iga no tiene ni un atisbo de duda al responder a la pregunta de si el Gobierno cubano est\u00e1 detr\u00e1s de lo sucedido. \u00abAbsolutamente\u00bb, dice. Descarta totalmente que sea obra de personas que hayan actuado por su cuenta, algo a su juicio imposible en un \u00abestado policial\u00bb, y cree que, como mucho, podr\u00eda ser un \u00aberror humano\u00bb: que alguien se pudiera haber excedido con la intensidad de las ondas. Para este \u00abplantado\u00bb, como se conoce a los presos pol\u00edticos m\u00e1s rebeldes, que se fug\u00f3 dos veces y fue castigado por ello en los pabellones especiales de los penales de Combinado del Este (La Habana) y Boniato (Santiago de Cuba), el prop\u00f3sito de los \u00abataques ac\u00fasticos\u00bb es el que tiene siempre la inteligencia cubana respecto a los diplom\u00e1ticos extranjeros. \u00abAmedrentarlos, crearles un estado de desasosiego, ponerles a la defensiva, para inhibirles de hacer algo que vaya contra los intereses del r\u00e9gimen y de paso mandar un mensaje al Gobierno (en este caso EE.UU.): \u00a1cuidado con lo que hacen aqu\u00ed!\u00bb, se\u00f1ala. Z\u00fa\u00f1iga ha contado su propia experiencia y denunciado violaciones de los derechos humanos en Cuba ante el Consejo General de Naciones Unidas que se encarga de esos asuntos y tiene sede en Ginebra.<br \/>\nVia: <a href=\"http:\/\/www.abc.es\/internacional\/abci-regimen-cubano-niega-este-detras-ataques-acusticos-contra-diplomaticos-201709222237_noticia.html\" target=\"_blank\">Cuba niega que est\u00e9 detr\u00e1s de los \u00abataques ac\u00fasticos\u00bb a diplom\u00e1ticos<\/a><\/p>\n","protected":false},"excerpt":{"rendered":"<p>El r\u00e9gimen cubano ha negado este viernes en Naciones Unidas que exista hasta el momento \u00abevidencia alguna\u00bb que confirme las denuncias sobre un supuesto \u00abataque ac\u00fastico\u00bb sufrido por diplom\u00e1ticos estadounidenses destinados en la isla. \u00abCuba jam\u00e1s ha perpetrado ni perpetrar\u00e1 acciones de esa naturaleza\u00bb, afirm\u00f3 el ministro de Relaciones Exteriores [&hellip;]<\/p>\n","protected":false},"author":2,"featured_media":7833,"comment_status":"open","ping_status":"closed","sticky":false,"template":"","format":"standard","meta":{"footnotes":""},"categories":[6],"tags":[],"class_list":["post-7832","post","type-post","status-publish","format-standard","has-post-thumbnail","hentry","category-spanish"],"_links":{"self":[{"href":"https:\/\/theworldwidejournal.com\/index.php?rest_route=\/wp\/v2\/posts\/7832","targetHints":{"allow":["GET"]}}],"collection":[{"href":"https:\/\/theworldwidejournal.com\/index.php?rest_route=\/wp\/v2\/posts"}],"about":[{"href":"https:\/\/theworldwidejournal.com\/index.php?rest_route=\/wp\/v2\/types\/post"}],"author":[{"embeddable":true,"href":"https:\/\/theworldwidejournal.com\/index.php?rest_route=\/wp\/v2\/users\/2"}],"replies":[{"embeddable":true,"href":"https:\/\/theworldwidejournal.com\/index.php?rest_route=%2Fwp%2Fv2%2Fcomments&post=7832"}],"version-history":[{"count":0,"href":"https:\/\/theworldwidejournal.com\/index.php?rest_route=\/wp\/v2\/posts\/7832\/revisions"}],"wp:featuredmedia":[{"embeddable":true,"href":"https:\/\/theworldwidejournal.com\/index.php?rest_route=\/wp\/v2\/media\/7833"}],"wp:attachment":[{"href":"https:\/\/theworldwidejournal.com\/index.php?rest_route=%2Fwp%2Fv2%2Fmedia&parent=7832"}],"wp:term":[{"taxonomy":"category","embeddable":true,"href":"https:\/\/theworldwidejournal.com\/index.php?rest_route=%2Fwp%2Fv2%2Fcategories&post=7832"},{"taxonomy":"post_tag","embeddable":true,"href":"https:\/\/theworldwidejournal.com\/index.php?rest_route=%2Fwp%2Fv2%2Ftags&post=7832"}],"curies":[{"name":"wp","href":"https:\/\/api.w.org\/{rel}","templated":true}]}}